{"id":4460,"date":"2026-01-26T09:44:36","date_gmt":"2026-01-26T09:44:36","guid":{"rendered":"https:\/\/segui-arquitecte.com\/?p=4460"},"modified":"2026-01-29T09:46:07","modified_gmt":"2026-01-29T09:46:07","slug":"ubs-consell-paisajismo-y-arquitectura-publica-bien-resueltos","status":"publish","type":"post","link":"https:\/\/segui-arquitecte.com\/eng\/ubs-consell-paisajismo-y-arquitectura-publica-bien-resueltos\/","title":{"rendered":"UBS Consell: paisajismo y arquitectura p\u00fablica bien resueltos"},"content":{"rendered":"<p>El proyecto UBS Consell (Unidad B\u00e1sica de Salud) es un excelente ejemplo de c\u00f3mo aplicar criterios de <em>arquitectura paisajista<\/em> en el dise\u00f1o de equipamientos p\u00fablicos. Lejos de ser una simple edificaci\u00f3n funcional, esta intervenci\u00f3n demuestra que es posible construir desde lo p\u00fablico con sensibilidad territorial, responsabilidad medioambiental y un fuerte componente humano.<\/p>\n\n\n\n<h2 class=\"wp-block-heading\"><strong>Un edificio p\u00fablico con sensibilidad al entorno<\/strong><\/h2>\n\n\n\n<p>Ubicada en el n\u00facleo urbano de Consell, esta unidad de salud deb\u00eda responder tanto a su funci\u00f3n asistencial como a la integraci\u00f3n con el paisaje circundante. Para ello, el planteamiento del proyecto parte de una lectura atenta del lugar: escala urbana, orientaci\u00f3n solar, preexistencias, accesibilidad y entorno vegetal fueron clave para decidir la implantaci\u00f3n y el dise\u00f1o del edificio.<\/p>\n\n\n\n<p>Un <em>estudio mallorca<\/em> con experiencia sabe que trabajar en un municipio como Consell exige una arquitectura que respete la trama urbana tradicional, sin caer en soluciones gen\u00e9ricas o estandarizadas. UBS Consell lo consigue mediante una volumetr\u00eda comedida, el uso de materiales cercanos al imaginario local y una implantaci\u00f3n que prioriza el uso peatonal y la conexi\u00f3n con el espacio exterior.<\/p>\n\n\n\n<h2 class=\"wp-block-heading\"><strong>Integraci\u00f3n del paisaje como valor a\u00f1adido<\/strong><\/h2>\n\n\n\n<p>Una de las decisiones m\u00e1s acertadas del proyecto fue concebir el exterior como parte activa del edificio. Jardines accesibles, recorridos sombreados, especies vegetales aut\u00f3ctonas y zonas de descanso al aire libre configuran un entorno amable que mejora la experiencia de los usuarios y reduce el impacto ambiental del conjunto.<\/p>\n\n\n\n<p>Este enfoque, propio de la <em>arquitectura paisajista<\/em>, no solo a\u00f1ade belleza. Tambi\u00e9n cumple funciones t\u00e9rmicas (control solar, frescor), sociales (puntos de encuentro, accesibilidad universal) y terap\u00e9uticas (contacto con la naturaleza como valor para el bienestar).<\/p>\n\n\n\n<h2 class=\"wp-block-heading\"><strong>Funcionalidad sin renunciar al dise\u00f1o<\/strong><\/h2>\n\n\n\n<p>El interior del edificio responde a un programa asistencial exigente, pero organizado con claridad. El uso racional de la planta, la iluminaci\u00f3n natural en las zonas de espera, la ventilaci\u00f3n cruzada y los acabados duraderos garantizan el confort de pacientes y personal sanitario.<\/p>\n\n\n\n<p>Lo que marca la diferencia es que todos estos elementos est\u00e1n envueltos en una propuesta arquitect\u00f3nica que cuida los detalles: proporciones equilibradas, materiales honestos, tonos neutros y una distribuci\u00f3n que facilita la orientaci\u00f3n. Esto convierte la UBS Consell en un referente de c\u00f3mo un <em>estudio arquitectura mallorca<\/em> puede resolver con excelencia un encargo p\u00fablico.<\/p>\n\n\n\n<h2 class=\"wp-block-heading\"><strong>Sostenibilidad aplicada de forma realista<\/strong><\/h2>\n\n\n\n<p>El proyecto incorpora soluciones pasivas y medidas de eficiencia energ\u00e9tica que se alinean con la idea de <em>edificio sostenible<\/em>. Ventilaci\u00f3n natural, control solar mediante porches y vegetaci\u00f3n, aislamiento t\u00e9rmico adecuado y consumo energ\u00e9tico reducido forman parte del dise\u00f1o.<\/p>\n\n\n\n<p>Este tipo de decisiones son especialmente importantes en la arquitectura p\u00fablica, donde la sostenibilidad no debe ser un valor a\u00f1adido, sino una base imprescindible. Adem\u00e1s, la durabilidad de los materiales seleccionados permite reducir costes de mantenimiento a medio y largo plazo.<\/p>\n\n\n\n<h2 class=\"wp-block-heading\"><strong>Un modelo replicable para la isla<\/strong><\/h2>\n\n\n\n<p>La UBS Consell es un ejemplo de intervenci\u00f3n bien resuelta que podr\u00eda servir como modelo para otros municipios de Mallorca. Su equilibrio entre funcionalidad, dise\u00f1o, integraci\u00f3n paisaj\u00edstica y sostenibilidad demuestra que se puede hacer buena <em>arquitectura paisajista<\/em> sin recurrir a soluciones costosas ni a gestos grandilocuentes.<\/p>\n\n\n\n<p>Estudios como <a href=\"https:\/\/segui-arquitecte.com\/eng\/\">Segu\u00ed Arquitecte<\/a> consolidan su trayectoria con este tipo de proyectos, donde la arquitectura mejora lo cotidiano, potencia la salud comunitaria y dialoga con el lugar. En su <a href=\"https:\/\/www.instagram.com\/llorencseguiarquitectura\/\">perfil de Instagram<\/a> pueden verse m\u00e1s ejemplos con el mismo enfoque.<\/p>\n\n\n\n<h2 class=\"wp-block-heading\"><strong>Conclusi\u00f3n<\/strong><\/h2>\n\n\n\n<p>El proyecto UBS Consell encarna lo mejor de la <em>arquitectura paisajista<\/em> aplicada al \u00e1mbito p\u00fablico: sensibilidad con el lugar, dise\u00f1o funcional, sostenibilidad realista y compromiso con el bienestar de las personas. Este tipo de intervenciones no solo cubren necesidades asistenciales, sino que elevan la calidad del espacio urbano y refuerzan la identidad local.<\/p>","protected":false},"excerpt":{"rendered":"<p>El proyecto UBS Consell (Unidad B\u00e1sica de Salud) es un excelente ejemplo de c\u00f3mo aplicar criterios de arquitectura paisajista en el dise\u00f1o de equipamientos p\u00fablicos. Lejos de ser una simple&#8230;<\/p>","protected":false},"author":1,"featured_media":4461,"comment_status":"open","ping_status":"open","sticky":false,"template":"","format":"standard","meta":{"footnotes":""},"categories":[71],"tags":[102,83,90,81,95],"class_list":{"0":"post-4460","1":"post","2":"type-post","3":"status-publish","4":"format-standard","5":"has-post-thumbnail","7":"category-blog","8":"tag-arquitectura-paisajista","9":"tag-edificio-sostenible","10":"tag-estudio-arquitectura-mallorca","11":"tag-estudio-de-paisajismo","12":"tag-estudio-mallorca"},"_links":{"self":[{"href":"https:\/\/segui-arquitecte.com\/eng\/wp-json\/wp\/v2\/posts\/4460","targetHints":{"allow":["GET"]}}],"collection":[{"href":"https:\/\/segui-arquitecte.com\/eng\/wp-json\/wp\/v2\/posts"}],"about":[{"href":"https:\/\/segui-arquitecte.com\/eng\/wp-json\/wp\/v2\/types\/post"}],"author":[{"embeddable":true,"href":"https:\/\/segui-arquitecte.com\/eng\/wp-json\/wp\/v2\/users\/1"}],"replies":[{"embeddable":true,"href":"https:\/\/segui-arquitecte.com\/eng\/wp-json\/wp\/v2\/comments?post=4460"}],"version-history":[{"count":1,"href":"https:\/\/segui-arquitecte.com\/eng\/wp-json\/wp\/v2\/posts\/4460\/revisions"}],"predecessor-version":[{"id":4462,"href":"https:\/\/segui-arquitecte.com\/eng\/wp-json\/wp\/v2\/posts\/4460\/revisions\/4462"}],"wp:featuredmedia":[{"embeddable":true,"href":"https:\/\/segui-arquitecte.com\/eng\/wp-json\/wp\/v2\/media\/4461"}],"wp:attachment":[{"href":"https:\/\/segui-arquitecte.com\/eng\/wp-json\/wp\/v2\/media?parent=4460"}],"wp:term":[{"taxonomy":"category","embeddable":true,"href":"https:\/\/segui-arquitecte.com\/eng\/wp-json\/wp\/v2\/categories?post=4460"},{"taxonomy":"post_tag","embeddable":true,"href":"https:\/\/segui-arquitecte.com\/eng\/wp-json\/wp\/v2\/tags?post=4460"}],"curies":[{"name":"wp","href":"https:\/\/api.w.org\/{rel}","templated":true}]}}