{"id":4458,"date":"2026-01-19T09:43:13","date_gmt":"2026-01-19T09:43:13","guid":{"rendered":"https:\/\/segui-arquitecte.com\/?p=4458"},"modified":"2026-01-29T09:44:35","modified_gmt":"2026-01-29T09:44:35","slug":"sede-fng-arquitectura-palma-de-mallorca-entre-industria-y-diseno","status":"publish","type":"post","link":"https:\/\/segui-arquitecte.com\/eng\/sede-fng-arquitectura-palma-de-mallorca-entre-industria-y-diseno\/","title":{"rendered":"Sede FNG: arquitectura Palma de Mallorca entre industria y dise\u00f1o"},"content":{"rendered":"<p>La arquitectura industrial ha dejado de ser una disciplina relegada a la funcionalidad pura. En Mallorca, proyectos como la sede de FNG demuestran que es posible combinar la eficiencia del espacio industrial con un enfoque arquitect\u00f3nico sensible, bien dise\u00f1ado y perfectamente integrado en su contexto. Este proyecto es una referencia clave para entender c\u00f3mo evoluciona la <em>arquitectura Palma de Mallorca<\/em> cuando se aplica a sectores productivos.<\/p>\n\n\n\n<h2 class=\"wp-block-heading\"><strong>Un edificio industrial con valor arquitect\u00f3nico<\/strong><\/h2>\n\n\n\n<p>La sede de FNG no es una nave convencional. Su planteamiento parte de la necesidad de acoger una actividad t\u00e9cnica y log\u00edstica exigente, pero sin renunciar a la identidad visual, la calidad espacial y la sostenibilidad. Esto requiere una visi\u00f3n integral, que combine racionalidad estructural con una est\u00e9tica cuidada y una atenci\u00f3n precisa a los detalles.<\/p>\n\n\n\n<p>Este tipo de proyectos representan un reto que solo un <em>estudio arquitectura mallorca<\/em> con experiencia puede abordar con \u00e9xito. El resultado es una sede corporativa que transmite profesionalidad, innovaci\u00f3n y conexi\u00f3n con el entorno insular.<\/p>\n\n\n\n<h2 class=\"wp-block-heading\"><strong>Dise\u00f1o funcional y bien resuelto<\/strong><\/h2>\n\n\n\n<p>En el dise\u00f1o de la sede FNG, cada decisi\u00f3n responde a una funci\u00f3n clara. La disposici\u00f3n de los espacios favorece los flujos de trabajo, la iluminaci\u00f3n natural penetra en las zonas operativas, y los accesos est\u00e1n pensados para facilitar la circulaci\u00f3n de veh\u00edculos y personas sin interferencias.<\/p>\n\n\n\n<p>Esta precisi\u00f3n t\u00e9cnica no est\u00e1 re\u00f1ida con la calidad arquitect\u00f3nica. Fachadas limpias, materiales duraderos, detalles de sombra y control solar, adem\u00e1s de un lenguaje sobrio y elegante, sit\u00faan este edificio en un nivel muy por encima de lo que suele asociarse al mundo industrial.<\/p>\n\n\n\n<h2 class=\"wp-block-heading\"><strong>Sostenibilidad integrada<\/strong><\/h2>\n\n\n\n<p>Un aspecto destacable del proyecto es la integraci\u00f3n de criterios sostenibles. La ventilaci\u00f3n cruzada, el aislamiento t\u00e9rmico, el uso de materiales reciclables y la implantaci\u00f3n de sistemas de bajo consumo energ\u00e9tico hacen de la sede de FNG un referente de <em>edificio sostenible<\/em> dentro del sector industrial mallorqu\u00edn.<\/p>\n\n\n\n<p>En un contexto insular donde los recursos son limitados y el impacto ambiental es una preocupaci\u00f3n creciente, este enfoque no solo es necesario, sino estrat\u00e9gico. Demuestra que incluso en el \u00e1mbito productivo, la <em>arquitectura palma de mallorca<\/em> puede estar a la vanguardia de la sostenibilidad.<\/p>\n\n\n\n<h2 class=\"wp-block-heading\"><strong>Imagen corporativa y arquitectura<\/strong><\/h2>\n\n\n\n<p>Uno de los grandes aciertos del proyecto es su capacidad para comunicar los valores de la empresa a trav\u00e9s de la arquitectura. La sede no solo cumple funciones operativas: tambi\u00e9n representa una carta de presentaci\u00f3n para clientes, proveedores y trabajadores.<\/p>\n\n\n\n<p>Este aspecto simb\u00f3lico es clave para muchos <em>estudios de arquitectura<\/em> que trabajan con empresas locales. No se trata de crear un \u201cenvoltorio bonito\u201d, sino de construir identidad desde el espacio. Y en ese sentido, este proyecto es un caso ejemplar.<\/p>\n\n\n\n<h2 class=\"wp-block-heading\"><strong>Conexi\u00f3n con el entorno urbano e insular<\/strong><\/h2>\n\n\n\n<p>Aunque se trate de un edificio de uso industrial, su implantaci\u00f3n en el territorio no es neutra. La sede de FNG se integra con respeto en el paisaje urbano que la rodea. La elecci\u00f3n de materiales, las proporciones del volumen y la relaci\u00f3n con el exterior reflejan una clara voluntad de conexi\u00f3n con el contexto mallorqu\u00edn.<\/p>\n\n\n\n<p>Estudios como <a href=\"https:\/\/segui-arquitecte.com\/eng\/\">Segu\u00ed Arquitecte<\/a> trabajan desde esta filosof\u00eda: intervenir en el territorio con una actitud consciente, t\u00e9cnica y culturalmente sensible.<\/p>\n\n\n\n<h2 class=\"wp-block-heading\"><strong>Conclusi\u00f3n<\/strong><\/h2>\n\n\n\n<p>La sede de FNG es mucho m\u00e1s que un edificio funcional. Es un ejemplo de c\u00f3mo la <em>arquitectura palma de mallorca<\/em> puede aportar calidad, sostenibilidad y dise\u00f1o incluso en sectores tradicionalmente ajenos a lo arquitect\u00f3nico. Proyectos como este elevan el nivel del tejido construido de la isla y demuestran que la excelencia no es exclusiva de los usos residenciales o culturales: tambi\u00e9n puede \u2014y debe\u2014 estar presente en los espacios de trabajo y producci\u00f3n.<\/p>","protected":false},"excerpt":{"rendered":"<p>La arquitectura industrial ha dejado de ser una disciplina relegada a la funcionalidad pura. En Mallorca, proyectos como la sede de FNG demuestran que es posible combinar la eficiencia del&#8230;<\/p>","protected":false},"author":1,"featured_media":4455,"comment_status":"open","ping_status":"open","sticky":false,"template":"","format":"standard","meta":{"footnotes":""},"categories":[71],"tags":[106,83,90,95,88],"class_list":{"0":"post-4458","1":"post","2":"type-post","3":"status-publish","4":"format-standard","5":"has-post-thumbnail","7":"category-blog","8":"tag-arquitectura-palma-de-mallorca","9":"tag-edificio-sostenible","10":"tag-estudio-arquitectura-mallorca","11":"tag-estudio-mallorca","12":"tag-estudios-de-arquitectura"},"_links":{"self":[{"href":"https:\/\/segui-arquitecte.com\/eng\/wp-json\/wp\/v2\/posts\/4458","targetHints":{"allow":["GET"]}}],"collection":[{"href":"https:\/\/segui-arquitecte.com\/eng\/wp-json\/wp\/v2\/posts"}],"about":[{"href":"https:\/\/segui-arquitecte.com\/eng\/wp-json\/wp\/v2\/types\/post"}],"author":[{"embeddable":true,"href":"https:\/\/segui-arquitecte.com\/eng\/wp-json\/wp\/v2\/users\/1"}],"replies":[{"embeddable":true,"href":"https:\/\/segui-arquitecte.com\/eng\/wp-json\/wp\/v2\/comments?post=4458"}],"version-history":[{"count":1,"href":"https:\/\/segui-arquitecte.com\/eng\/wp-json\/wp\/v2\/posts\/4458\/revisions"}],"predecessor-version":[{"id":4459,"href":"https:\/\/segui-arquitecte.com\/eng\/wp-json\/wp\/v2\/posts\/4458\/revisions\/4459"}],"wp:featuredmedia":[{"embeddable":true,"href":"https:\/\/segui-arquitecte.com\/eng\/wp-json\/wp\/v2\/media\/4455"}],"wp:attachment":[{"href":"https:\/\/segui-arquitecte.com\/eng\/wp-json\/wp\/v2\/media?parent=4458"}],"wp:term":[{"taxonomy":"category","embeddable":true,"href":"https:\/\/segui-arquitecte.com\/eng\/wp-json\/wp\/v2\/categories?post=4458"},{"taxonomy":"post_tag","embeddable":true,"href":"https:\/\/segui-arquitecte.com\/eng\/wp-json\/wp\/v2\/tags?post=4458"}],"curies":[{"name":"wp","href":"https:\/\/api.w.org\/{rel}","templated":true}]}}