{"id":4456,"date":"2026-01-12T09:41:26","date_gmt":"2026-01-12T09:41:26","guid":{"rendered":"https:\/\/segui-arquitecte.com\/?p=4456"},"modified":"2026-01-29T09:43:10","modified_gmt":"2026-01-29T09:43:10","slug":"cs-andratx-claves-de-la-arquitectura-en-palma-de-mallorca","status":"publish","type":"post","link":"https:\/\/segui-arquitecte.com\/eng\/cs-andratx-claves-de-la-arquitectura-en-palma-de-mallorca\/","title":{"rendered":"CS Andratx: claves de la arquitectura en Palma de Mallorca"},"content":{"rendered":"<p>El proyecto del CS Andratx ofrece una visi\u00f3n clara de c\u00f3mo debe abordarse la <em>arquitectura en Palma de Mallorca<\/em> y su entorno desde un enfoque sensible, funcional y adaptado a la realidad local. Aunque situado en el municipio de Andratx \u2014al suroeste de la isla\u2014, este centro de servicios representa una tipolog\u00eda arquitect\u00f3nica que dialoga con los retos urban\u00edsticos y sociales que tambi\u00e9n afectan a la capital balear. De ah\u00ed su valor como referencia para quienes buscan entender las claves de una arquitectura p\u00fablica comprometida con el lugar.<\/p>\n\n\n\n<h2 class=\"wp-block-heading\"><strong>Arquitectura desde la necesidad p\u00fablica<\/strong><\/h2>\n\n\n\n<p>Uno de los principales retos a los que se enfrentan los <em>estudios de arquitectura<\/em> en Mallorca es dar respuesta a necesidades reales desde propuestas que no renuncien al dise\u00f1o ni a la sostenibilidad. En el caso del CS Andratx, el proyecto responde a una demanda social concreta: ofrecer un espacio p\u00fablico funcional, accesible y eficiente.<\/p>\n\n\n\n<p>La clave est\u00e1 en c\u00f3mo se resuelve el programa sin caer en la estandarizaci\u00f3n. Espacios amplios, buena iluminaci\u00f3n natural, distribuci\u00f3n clara, accesibilidad universal y un entorno exterior cuidado refuerzan la calidad del conjunto. Este equilibrio entre t\u00e9cnica y sensibilidad es lo que define una buena arquitectura p\u00fablica.<\/p>\n\n\n\n<h2 class=\"wp-block-heading\"><strong>Materiales y contexto insular<\/strong><\/h2>\n\n\n\n<p>El dise\u00f1o del CS Andratx toma como referencia el paisaje de la zona: vegetaci\u00f3n aut\u00f3ctona, luz mediterr\u00e1nea, clima c\u00e1lido y un entorno urbano consolidado. El uso de materiales de bajo mantenimiento, la incorporaci\u00f3n de sistemas pasivos y la relaci\u00f3n entre interior y exterior est\u00e1n presentes en cada decisi\u00f3n proyectual.<\/p>\n\n\n\n<p>Estos criterios no son exclusivos de este municipio: forman parte del ideario de cualquier buen proyecto de <em>arquitectura palma<\/em>, donde es esencial respetar el car\u00e1cter del lugar sin renunciar a la contemporaneidad.<\/p>\n\n\n\n<h2 class=\"wp-block-heading\"><strong>Espacios exteriores que tambi\u00e9n importan<\/strong><\/h2>\n\n\n\n<p>Una de las fortalezas del CS Andratx es su tratamiento del espacio exterior. Lejos de limitarse al edificio, el proyecto plantea una relaci\u00f3n fluida con el entorno: zonas de sombra, vegetaci\u00f3n adaptada, recorridos accesibles y un dise\u00f1o paisaj\u00edstico que ampl\u00eda la funcionalidad del centro.<\/p>\n\n\n\n<p>Este enfoque, propio de estudios que integran <em>arquitectura y paisajismo<\/em>, permite mejorar la experiencia del usuario, dignificar los equipamientos p\u00fablicos y sumar valor urbano. Adem\u00e1s, refuerza la sostenibilidad ambiental al reducir el impacto del calor y mejorar la calidad del aire.<\/p>\n\n\n\n<h2 class=\"wp-block-heading\"><strong>Sostenibilidad como valor estructural<\/strong><\/h2>\n\n\n\n<p>El proyecto incorpora elementos clave de la <em>arquitectura sostenible<\/em>: ventilaci\u00f3n cruzada, protecci\u00f3n solar, eficiencia energ\u00e9tica, uso de luz natural y materiales con baja huella ecol\u00f3gica. Este compromiso es ya una exigencia b\u00e1sica para todo <em>estudio arquitectura mallorca<\/em> que quiera trabajar con responsabilidad.<\/p>\n\n\n\n<p>Adem\u00e1s, el CS Andratx demuestra que sostenibilidad no significa encarecimiento ni complicaci\u00f3n t\u00e9cnica. Al contrario: bien planteada desde el inicio, permite optimizar recursos y mejorar el rendimiento del edificio durante toda su vida \u00fatil.<\/p>\n\n\n\n<h2 class=\"wp-block-heading\"><strong>Arquitectura con vocaci\u00f3n de permanencia<\/strong><\/h2>\n\n\n\n<p>En un momento donde muchos proyectos p\u00fablicos adolecen de soluciones impersonales, el CS Andratx es un ejemplo de c\u00f3mo se puede trabajar con rigor, respeto por el entorno y atenci\u00f3n al detalle. M\u00e1s que un edificio funcional, es una pieza urbana que mejora su contexto y deja una huella positiva.<\/p>\n\n\n\n<p>Estudios como <a href=\"https:\/\/segui-arquitecte.com\/eng\/\">Segu\u00ed Arquitecte<\/a> destacan por este tipo de enfoques: proyectan desde lo local, con visi\u00f3n a largo plazo, pensando tanto en las personas como en el territorio.<\/p>\n\n\n\n<h2 class=\"wp-block-heading\"><strong>Conclusi\u00f3n<\/strong><\/h2>\n\n\n\n<p>El CS Andratx sintetiza las claves de una buena <em>arquitectura palma<\/em>: compromiso con el contexto, dise\u00f1o funcional, sostenibilidad integrada y sensibilidad hacia lo p\u00fablico. Aunque no se encuentre en la capital, su enfoque y resultados ofrecen lecciones valiosas para todo el tejido urbano de la isla.<br>Gracias a propuestas como esta, la arquitectura p\u00fablica puede convertirse en un motor de mejora social, paisaj\u00edstica y ambiental.<\/p>","protected":false},"excerpt":{"rendered":"<p>El proyecto del CS Andratx ofrece una visi\u00f3n clara de c\u00f3mo debe abordarse la arquitectura en Palma de Mallorca y su entorno desde un enfoque sensible, funcional y adaptado a&#8230;<\/p>","protected":false},"author":1,"featured_media":4453,"comment_status":"open","ping_status":"open","sticky":false,"template":"","format":"standard","meta":{"footnotes":""},"categories":[71],"tags":[100,80,84,83,90,95],"class_list":{"0":"post-4456","1":"post","2":"type-post","3":"status-publish","4":"format-standard","5":"has-post-thumbnail","7":"category-blog","8":"tag-arquitectos-palma","9":"tag-arquitectura-palma","10":"tag-arquitectura-y-paisajismo","11":"tag-edificio-sostenible","12":"tag-estudio-arquitectura-mallorca","13":"tag-estudio-mallorca"},"_links":{"self":[{"href":"https:\/\/segui-arquitecte.com\/eng\/wp-json\/wp\/v2\/posts\/4456","targetHints":{"allow":["GET"]}}],"collection":[{"href":"https:\/\/segui-arquitecte.com\/eng\/wp-json\/wp\/v2\/posts"}],"about":[{"href":"https:\/\/segui-arquitecte.com\/eng\/wp-json\/wp\/v2\/types\/post"}],"author":[{"embeddable":true,"href":"https:\/\/segui-arquitecte.com\/eng\/wp-json\/wp\/v2\/users\/1"}],"replies":[{"embeddable":true,"href":"https:\/\/segui-arquitecte.com\/eng\/wp-json\/wp\/v2\/comments?post=4456"}],"version-history":[{"count":1,"href":"https:\/\/segui-arquitecte.com\/eng\/wp-json\/wp\/v2\/posts\/4456\/revisions"}],"predecessor-version":[{"id":4457,"href":"https:\/\/segui-arquitecte.com\/eng\/wp-json\/wp\/v2\/posts\/4456\/revisions\/4457"}],"wp:featuredmedia":[{"embeddable":true,"href":"https:\/\/segui-arquitecte.com\/eng\/wp-json\/wp\/v2\/media\/4453"}],"wp:attachment":[{"href":"https:\/\/segui-arquitecte.com\/eng\/wp-json\/wp\/v2\/media?parent=4456"}],"wp:term":[{"taxonomy":"category","embeddable":true,"href":"https:\/\/segui-arquitecte.com\/eng\/wp-json\/wp\/v2\/categories?post=4456"},{"taxonomy":"post_tag","embeddable":true,"href":"https:\/\/segui-arquitecte.com\/eng\/wp-json\/wp\/v2\/tags?post=4456"}],"curies":[{"name":"wp","href":"https:\/\/api.w.org\/{rel}","templated":true}]}}