{"id":4451,"date":"2026-01-05T09:40:21","date_gmt":"2026-01-05T09:40:21","guid":{"rendered":"https:\/\/segui-arquitecte.com\/?p=4451"},"modified":"2026-01-29T09:41:24","modified_gmt":"2026-01-29T09:41:24","slug":"como-trabaja-un-estudio-en-mallorca-desde-la-arquitectura-local","status":"publish","type":"post","link":"https:\/\/segui-arquitecte.com\/eng\/como-trabaja-un-estudio-en-mallorca-desde-la-arquitectura-local\/","title":{"rendered":"C\u00f3mo trabaja un estudio en Mallorca desde la arquitectura local"},"content":{"rendered":"<p>La arquitectura local no es una etiqueta. Es una forma de entender el territorio, los materiales, el clima y las necesidades reales de quienes habitan una isla como Mallorca. Por eso, cuando hablamos de c\u00f3mo trabaja un <em>estudio mallorca<\/em>, nos referimos a una pr\u00e1ctica arquitect\u00f3nica profundamente arraigada en el lugar, pero con mirada contempor\u00e1nea, t\u00e9cnica y socialmente comprometida.<\/p>\n\n\n\n<h2 class=\"wp-block-heading\">La importancia de proyectar desde el contexto<\/h2>\n\n\n\n<p>Un estudio con base en Mallorca debe partir siempre del entorno: no solo del paisaje f\u00edsico, sino tambi\u00e9n del social, cultural y clim\u00e1tico. Antes de hablar de estilos, formas o tecnolog\u00edas, es esencial observar el lugar. Cada parcela tiene una historia, cada municipio una normativa, y cada proyecto una oportunidad de sumar, no de imponer.<\/p>\n\n\n\n<p>Esta forma de trabajar se ve reflejada en proyectos donde la orientaci\u00f3n, la topograf\u00eda, la vegetaci\u00f3n o la ventilaci\u00f3n natural se aprovechan como herramientas de dise\u00f1o. No se trata de copiar la tradici\u00f3n, sino de leerla con inteligencia para adaptarla a los desaf\u00edos actuales.<\/p>\n\n\n\n<h2 class=\"wp-block-heading\">Materiales y recursos del territorio<\/h2>\n\n\n\n<p>Uno de los sellos m\u00e1s reconocibles de un <em>estudio mallorca<\/em> comprometido con lo local es el uso de materiales aut\u00f3ctonos o coherentes con el entorno. La piedra mar\u00e9s, los pavimentos de cer\u00e1mica, las cubiertas de teja tradicional o los revocos naturales permiten no solo una buena integraci\u00f3n est\u00e9tica, sino tambi\u00e9n un mejor comportamiento t\u00e9rmico y menor impacto ambiental.<\/p>\n\n\n\n<p>El dise\u00f1o desde lo local implica tambi\u00e9n pensar en el ciclo de vida de los materiales, su mantenimiento, su huella de carbono y su disponibilidad en la isla. En este aspecto, el criterio sostenible y el respeto por lo aut\u00f3ctono van de la mano.<\/p>\n\n\n\n<h2 class=\"wp-block-heading\">Arquitectura con escala humana<\/h2>\n\n\n\n<p>El <em>estudio mallorca<\/em> que trabaja desde la arquitectura local no se limita a construir edificios \u201cbonitos\u201d. Busca generar espacios que tengan sentido, que acompa\u00f1en la vida diaria, que respondan a los usos reales y que sean capaces de envejecer con dignidad.<\/p>\n\n\n\n<p>Esto se traduce en viviendas adaptadas al ritmo mediterr\u00e1neo, en equipamientos p\u00fablicos que se integran en los pueblos, o en espacios escolares donde la luz, la ventilaci\u00f3n y la escala est\u00e1n al servicio de la infancia. Proyectos como los desarrollados por <a href=\"https:\/\/segui-arquitecte.com\/eng\/\">Segu\u00ed Arquitecte<\/a> muestran c\u00f3mo se puede conjugar dise\u00f1o contempor\u00e1neo con arraigo territorial.<\/p>\n\n\n\n<h2 class=\"wp-block-heading\">Arquitectura ecol\u00f3gica desde la tradici\u00f3n<\/h2>\n\n\n\n<p>Dise\u00f1ar desde Mallorca supone tambi\u00e9n asumir la urgencia clim\u00e1tica. Por eso, muchos estudios combinan <em>arquitectura y paisajismo<\/em>, soluciones pasivas, cubiertas verdes, ventilaci\u00f3n cruzada o sistemas de captaci\u00f3n de aguas para crear <em>edificios sostenibles<\/em> sin renunciar a la identidad local.<\/p>\n\n\n\n<p>La arquitectura tradicional de la isla, con sus porches, patios y muros gruesos, ya resolv\u00eda muchos de estos retos. Hoy, un <em>estudio mallorca<\/em> que entiende esta herencia puede reinterpretarla desde la t\u00e9cnica actual y ofrecer proyectos sostenibles y plenamente contempor\u00e1neos.<\/p>\n\n\n\n<h2 class=\"wp-block-heading\">Ejemplos que hablan del lugar<\/h2>\n\n\n\n<p>Cada proyecto bien ejecutado desde lo local es una declaraci\u00f3n de principios. Desde escoletas rurales hasta centros de d\u00eda, pasando por rehabilitaciones sensibles o viviendas unifamiliares, se consolida una forma de trabajar donde la arquitectura se pone al servicio del lugar, y no al rev\u00e9s.<\/p>\n\n\n\n<p>En el perfil de <a href=\"https:\/\/www.instagram.com\/llorencseguiarquitectura\/\">Instagram de Segu\u00ed Arquitecte<\/a>, puede verse c\u00f3mo esa mirada local no est\u00e1 re\u00f1ida con la innovaci\u00f3n, sino que la alimenta. Dise\u00f1ar desde lo cercano es, en realidad, una forma m\u00e1s exigente, honesta y duradera de ejercer la arquitectura.<\/p>\n\n\n\n<h2 class=\"wp-block-heading\">Conclusi\u00f3n<\/h2>\n\n\n\n<p>Un <em>estudio mallorca<\/em> que dise\u00f1a desde la arquitectura local trabaja con ra\u00edces y con mirada. No busca imponer formas externas, sino leer el territorio, escuchar a las personas y ofrecer respuestas arquitect\u00f3nicas que mejoren la vida, respeten el paisaje y sean sostenibles en el tiempo.<br>La arquitectura que nace del lugar no necesita grandes gestos: su fuerza est\u00e1 en lo invisible, en lo que conecta con la cultura, el clima y la comunidad.<\/p>","protected":false},"excerpt":{"rendered":"<p>La arquitectura local no es una etiqueta. Es una forma de entender el territorio, los materiales, el clima y las necesidades reales de quienes habitan una isla como Mallorca. Por&#8230;<\/p>","protected":false},"author":1,"featured_media":4452,"comment_status":"open","ping_status":"open","sticky":false,"template":"","format":"standard","meta":{"footnotes":""},"categories":[71],"tags":[101,96,84,83,90,95],"class_list":{"0":"post-4451","1":"post","2":"type-post","3":"status-publish","4":"format-standard","5":"has-post-thumbnail","7":"category-blog","8":"tag-architect-mallorca","9":"tag-arquitectura-ecologica","10":"tag-arquitectura-y-paisajismo","11":"tag-edificio-sostenible","12":"tag-estudio-arquitectura-mallorca","13":"tag-estudio-mallorca"},"_links":{"self":[{"href":"https:\/\/segui-arquitecte.com\/eng\/wp-json\/wp\/v2\/posts\/4451","targetHints":{"allow":["GET"]}}],"collection":[{"href":"https:\/\/segui-arquitecte.com\/eng\/wp-json\/wp\/v2\/posts"}],"about":[{"href":"https:\/\/segui-arquitecte.com\/eng\/wp-json\/wp\/v2\/types\/post"}],"author":[{"embeddable":true,"href":"https:\/\/segui-arquitecte.com\/eng\/wp-json\/wp\/v2\/users\/1"}],"replies":[{"embeddable":true,"href":"https:\/\/segui-arquitecte.com\/eng\/wp-json\/wp\/v2\/comments?post=4451"}],"version-history":[{"count":1,"href":"https:\/\/segui-arquitecte.com\/eng\/wp-json\/wp\/v2\/posts\/4451\/revisions"}],"predecessor-version":[{"id":4454,"href":"https:\/\/segui-arquitecte.com\/eng\/wp-json\/wp\/v2\/posts\/4451\/revisions\/4454"}],"wp:featuredmedia":[{"embeddable":true,"href":"https:\/\/segui-arquitecte.com\/eng\/wp-json\/wp\/v2\/media\/4452"}],"wp:attachment":[{"href":"https:\/\/segui-arquitecte.com\/eng\/wp-json\/wp\/v2\/media?parent=4451"}],"wp:term":[{"taxonomy":"category","embeddable":true,"href":"https:\/\/segui-arquitecte.com\/eng\/wp-json\/wp\/v2\/categories?post=4451"},{"taxonomy":"post_tag","embeddable":true,"href":"https:\/\/segui-arquitecte.com\/eng\/wp-json\/wp\/v2\/tags?post=4451"}],"curies":[{"name":"wp","href":"https:\/\/api.w.org\/{rel}","templated":true}]}}