{"id":4449,"date":"2025-12-26T09:38:12","date_gmt":"2025-12-26T09:38:12","guid":{"rendered":"https:\/\/segui-arquitecte.com\/?p=4449"},"modified":"2026-01-29T09:39:28","modified_gmt":"2026-01-29T09:39:28","slug":"can-morato-arquitectos-en-palma-de-mallorca-que-respetan-historia","status":"publish","type":"post","link":"https:\/\/segui-arquitecte.com\/eng\/can-morato-arquitectos-en-palma-de-mallorca-que-respetan-historia\/","title":{"rendered":"Can Morat\u00f3: arquitectos en Palma de Mallorca que respetan historia"},"content":{"rendered":"<p>Can Morat\u00f3 es un claro ejemplo de c\u00f3mo la arquitectura puede ser un puente entre el pasado y el presente. En una ciudad con tanto peso hist\u00f3rico como Palma de Mallorca, los proyectos de rehabilitaci\u00f3n requieren algo m\u00e1s que conocimientos t\u00e9cnicos: hacen falta sensibilidad patrimonial, respeto por el entorno urbano y una mirada contempor\u00e1nea que entienda el valor del legado arquitect\u00f3nico. En este sentido, algunos <em>arquitectos en Palma de Mallorca<\/em> han logrado conjugar tradici\u00f3n y modernidad con intervenciones que revitalizan sin borrar la memoria.<\/p>\n\n\n\n<h2 class=\"wp-block-heading\">Patrimonio industrial con valor cultural<\/h2>\n\n\n\n<p>Can Morat\u00f3 fue una antigua f\u00e1brica de hilaturas ubicada en el n\u00facleo urbano de Palma. M\u00e1s all\u00e1 de su arquitectura, representaba un s\u00edmbolo del pasado industrial de la ciudad. El reto era claro: rehabilitar el conjunto sin renunciar a su identidad. La actuaci\u00f3n deb\u00eda conservar su car\u00e1cter y al mismo tiempo dotarlo de una nueva vida, integr\u00e1ndolo en el tejido urbano actual.<\/p>\n\n\n\n<p>Este tipo de intervenciones solo son posibles cuando los <em>estudios de arquitectura<\/em> implicados comprenden la historia del lugar y trabajan desde el respeto, evitando las soluciones invasivas o los formalismos forzados.<\/p>\n\n\n\n<h2 class=\"wp-block-heading\">Rehabilitaci\u00f3n con criterios sostenibles<\/h2>\n\n\n\n<p>Adem\u00e1s de proteger el patrimonio, los nuevos usos y necesidades exigen introducir criterios de eficiencia energ\u00e9tica. Algunos <em>arquitectos en Palma de Mallorca<\/em> aplican principios de <em>edificio sostenible<\/em> en rehabilitaciones como Can Morat\u00f3: refuerzan estructuras con materiales naturales, mejoran aislamientos, incorporan ventilaci\u00f3n cruzada y recuperan la inercia t\u00e9rmica de los muros originales.<\/p>\n\n\n\n<p>Lejos de suponer una contradicci\u00f3n, la sostenibilidad se convierte en aliada del patrimonio. Mejora la habitabilidad sin alterar la esencia. Este tipo de actuaciones permiten actualizar edificios hist\u00f3ricos a los est\u00e1ndares actuales sin que pierdan su alma.<\/p>\n\n\n\n<h2 class=\"wp-block-heading\">El reto de intervenir en ciudad consolidada<\/h2>\n\n\n\n<p>Actuar sobre un edificio hist\u00f3rico en Palma no es sencillo. Hay que respetar normativas patrimoniales, escuchar a las administraciones, adaptarse a la trama urbana y, a menudo, enfrentarse a condicionantes t\u00e9cnicos complejos. Por eso, no todos los <em>arquitectos palma<\/em> asumen este tipo de proyectos.<\/p>\n\n\n\n<p>Estudios como <a href=\"https:\/\/segui-arquitecte.com\/eng\/\">Segu\u00ed Arquitecte<\/a> destacan por su capacidad para navegar entre la normativa, el dise\u00f1o contempor\u00e1neo y la sensibilidad hist\u00f3rica. Su trayectoria demuestra c\u00f3mo se puede trabajar en entornos protegidos sin perder creatividad ni rigor t\u00e9cnico.<\/p>\n\n\n\n<h2 class=\"wp-block-heading\">Reintegrar el edificio en la vida urbana<\/h2>\n\n\n\n<p>Uno de los objetivos clave de la rehabilitaci\u00f3n de Can Morat\u00f3 fue su reintegraci\u00f3n en el d\u00eda a d\u00eda de la ciudad. No se trataba solo de restaurar un edificio, sino de devolverle una funci\u00f3n. Ya sea como equipamiento cultural, espacio c\u00edvico o centro social, su recuperaci\u00f3n ha supuesto un paso hacia una ciudad m\u00e1s equilibrada, que cuida su memoria y apuesta por la regeneraci\u00f3n urbana.<\/p>\n\n\n\n<p>Este tipo de intervenciones tienen impacto m\u00e1s all\u00e1 de lo arquitect\u00f3nico: generan identidad, refuerzan el sentido de pertenencia y dignifican barrios a trav\u00e9s de la arquitectura.<\/p>\n\n\n\n<h2 class=\"wp-block-heading\">Conclusi\u00f3n<\/h2>\n\n\n\n<p>El trabajo de los <em>arquitectos en Palma de Mallorca<\/em> que abordan proyectos como Can Morat\u00f3 demuestra que es posible respetar la historia sin renunciar a la contemporaneidad. Gracias a una combinaci\u00f3n de t\u00e9cnica, sensibilidad y compromiso, estos estudios consiguen que el patrimonio no sea un freno, sino una fuente de inspiraci\u00f3n para una arquitectura actual, sostenible y conectada con su contexto.<\/p>","protected":false},"excerpt":{"rendered":"<p>Can Morat\u00f3 es un claro ejemplo de c\u00f3mo la arquitectura puede ser un puente entre el pasado y el presente. En una ciudad con tanto peso hist\u00f3rico como Palma de&#8230;<\/p>","protected":false},"author":1,"featured_media":4446,"comment_status":"open","ping_status":"open","sticky":false,"template":"","format":"standard","meta":{"footnotes":""},"categories":[71],"tags":[112,84,83,90,95],"class_list":{"0":"post-4449","1":"post","2":"type-post","3":"status-publish","4":"format-standard","5":"has-post-thumbnail","7":"category-blog","8":"tag-arquitectos-en-palma-de-mallorca","9":"tag-arquitectura-y-paisajismo","10":"tag-edificio-sostenible","11":"tag-estudio-arquitectura-mallorca","12":"tag-estudio-mallorca"},"_links":{"self":[{"href":"https:\/\/segui-arquitecte.com\/eng\/wp-json\/wp\/v2\/posts\/4449","targetHints":{"allow":["GET"]}}],"collection":[{"href":"https:\/\/segui-arquitecte.com\/eng\/wp-json\/wp\/v2\/posts"}],"about":[{"href":"https:\/\/segui-arquitecte.com\/eng\/wp-json\/wp\/v2\/types\/post"}],"author":[{"embeddable":true,"href":"https:\/\/segui-arquitecte.com\/eng\/wp-json\/wp\/v2\/users\/1"}],"replies":[{"embeddable":true,"href":"https:\/\/segui-arquitecte.com\/eng\/wp-json\/wp\/v2\/comments?post=4449"}],"version-history":[{"count":1,"href":"https:\/\/segui-arquitecte.com\/eng\/wp-json\/wp\/v2\/posts\/4449\/revisions"}],"predecessor-version":[{"id":4450,"href":"https:\/\/segui-arquitecte.com\/eng\/wp-json\/wp\/v2\/posts\/4449\/revisions\/4450"}],"wp:featuredmedia":[{"embeddable":true,"href":"https:\/\/segui-arquitecte.com\/eng\/wp-json\/wp\/v2\/media\/4446"}],"wp:attachment":[{"href":"https:\/\/segui-arquitecte.com\/eng\/wp-json\/wp\/v2\/media?parent=4449"}],"wp:term":[{"taxonomy":"category","embeddable":true,"href":"https:\/\/segui-arquitecte.com\/eng\/wp-json\/wp\/v2\/categories?post=4449"},{"taxonomy":"post_tag","embeddable":true,"href":"https:\/\/segui-arquitecte.com\/eng\/wp-json\/wp\/v2\/tags?post=4449"}],"curies":[{"name":"wp","href":"https:\/\/api.w.org\/{rel}","templated":true}]}}