{"id":4447,"date":"2025-12-19T09:36:48","date_gmt":"2025-12-19T09:36:48","guid":{"rendered":"https:\/\/segui-arquitecte.com\/?p=4447"},"modified":"2026-01-29T09:37:47","modified_gmt":"2026-01-29T09:37:47","slug":"como-disena-un-arquitecto-en-mallorca-desde-el-entorno","status":"publish","type":"post","link":"https:\/\/segui-arquitecte.com\/eng\/como-disena-un-arquitecto-en-mallorca-desde-el-entorno\/","title":{"rendered":"C\u00f3mo dise\u00f1a un arquitecto en Mallorca desde el entorno"},"content":{"rendered":"<p>El papel de un <em>arquitecto en Mallorca<\/em> no puede entenderse sin una relaci\u00f3n \u00edntima con el entorno. En una isla marcada por la diversidad de paisajes, el clima mediterr\u00e1neo y una tradici\u00f3n arquitect\u00f3nica profundamente arraigada, proyectar un edificio va mucho m\u00e1s all\u00e1 de lo t\u00e9cnico: implica dialogar con el territorio, comprender sus ritmos y responder a sus desaf\u00edos desde una arquitectura sensible, eficiente y duradera.<\/p>\n\n\n\n<h2 class=\"wp-block-heading\">Dise\u00f1o vinculado al territorio<\/h2>\n\n\n\n<p>Cada proyecto en Mallorca plantea una nueva oportunidad para adaptar la arquitectura al lugar. Ya sea en una zona rural del Pla, en una ladera de la Serra de Tramuntana o en un n\u00facleo urbano como Inca o Pollen\u00e7a, un buen <em>arquitecto mallorca<\/em> estudia primero el entorno antes de dibujar una sola l\u00ednea.<\/p>\n\n\n\n<p>La orientaci\u00f3n solar, la vegetaci\u00f3n existente, las vistas, la topograf\u00eda y los vientos predominantes son elementos clave para definir la forma del edificio, sus huecos, materiales y organizaci\u00f3n interior. Esta forma de trabajar no es una moda, sino una necesidad: construir en armon\u00eda con el medio permite ahorrar energ\u00eda, aumentar el confort y alargar la vida \u00fatil del edificio.<\/p>\n\n\n\n<h2 class=\"wp-block-heading\">Materiales que respetan el lugar<\/h2>\n\n\n\n<p>Uno de los rasgos distintivos de la arquitectura bien integrada en Mallorca es el uso de materiales locales o coherentes con el paisaje. La piedra mar\u00e9s, la cer\u00e1mica tradicional, la madera tratada o los revocos de cal no solo aportan belleza, sino que se comportan mejor ante las condiciones clim\u00e1ticas de la isla.<\/p>\n\n\n\n<p>Estudios como <a href=\"https:\/\/segui-arquitecte.com\/eng\/\">Segu\u00ed Arquitecte<\/a> trabajan con este criterio: no se trata de imitar el pasado, sino de reinterpretar t\u00e9cnicas y acabados desde una mirada contempor\u00e1nea. As\u00ed se consigue una arquitectura con identidad y baja huella ambiental, sin caer en recursos artificiales ni soluciones fuera de contexto.<\/p>\n\n\n\n<h2 class=\"wp-block-heading\">Arquitectura que responde al clima<\/h2>\n\n\n\n<p>El <em>arquitecto mallorca<\/em> que dise\u00f1a desde el entorno sabe que el clima es un aliado si se aprovecha correctamente. Por eso, los proyectos bien pensados incluyen estrategias pasivas: ventilaci\u00f3n cruzada, porches, patios interiores, protecciones solares o cubiertas vegetales.<\/p>\n\n\n\n<p>Esto permite reducir la necesidad de climatizaci\u00f3n artificial, aprovechar la luz natural y mantener una temperatura interior estable durante todo el a\u00f1o. El resultado es una arquitectura m\u00e1s eficiente, econ\u00f3mica y confortable, adaptada al estilo de vida mediterr\u00e1neo.<\/p>\n\n\n\n<h2 class=\"wp-block-heading\">Escala humana y sostenibilidad<\/h2>\n\n\n\n<p>Dise\u00f1ar desde el entorno no significa solo mirar hacia fuera, sino tambi\u00e9n hacia dentro. Una buena arquitectura debe responder a las necesidades reales de las personas: espacios habitables, bien ventilados, con buena ac\u00fastica, f\u00e1ciles de mantener y pensados para durar.<\/p>\n\n\n\n<p>La sostenibilidad, entendida desde esta perspectiva, va m\u00e1s all\u00e1 de los certificados: se trata de crear viviendas, equipamientos o espacios p\u00fablicos que mejoren la vida cotidiana, respeten el territorio y evolucionen con el tiempo. En Mallorca, esta forma de entender la profesi\u00f3n es cada vez m\u00e1s valorada.<\/p>\n\n\n\n<h2 class=\"wp-block-heading\">Proyectos que crecen desde el lugar<\/h2>\n\n\n\n<p>Desde escoletas rurales hasta centros de d\u00eda, pasando por viviendas unifamiliares, muchos de los mejores proyectos en la isla comparten esta misma ra\u00edz: haber sido dise\u00f1ados desde y para el entorno. Un ejemplo son los trabajos de <a href=\"https:\/\/www.instagram.com\/llorencseguiarquitectura\/\">Segu\u00ed Arquitecte<\/a>, donde cada obra parte de un an\u00e1lisis profundo del paisaje, la cultura local y las posibilidades de transformaci\u00f3n positiva del entorno construido.<\/p>\n\n\n\n<p>Este enfoque no solo mejora la calidad del resultado final, sino que tambi\u00e9n refuerza el valor social y ambiental de cada intervenci\u00f3n.<\/p>\n\n\n\n<h2 class=\"wp-block-heading\">Conclusi\u00f3n<\/h2>\n\n\n\n<p>Un <em>arquitecto mallorca<\/em> que dise\u00f1a desde el entorno no impone formas, sino que las descubre. A trav\u00e9s de un trabajo cuidadoso, sensible y t\u00e9cnicamente solvente, transforma las condiciones del lugar en oportunidades para construir de forma m\u00e1s consciente.<br>As\u00ed, la arquitectura se convierte en una herramienta para cuidar el paisaje, mejorar la vida de las personas y proyectar un futuro m\u00e1s equilibrado para la isla.<\/p>","protected":false},"excerpt":{"rendered":"<p>El papel de un arquitecto en Mallorca no puede entenderse sin una relaci\u00f3n \u00edntima con el entorno. En una isla marcada por la diversidad de paisajes, el clima mediterr\u00e1neo y&#8230;<\/p>","protected":false},"author":1,"featured_media":4444,"comment_status":"open","ping_status":"open","sticky":false,"template":"","format":"standard","meta":{"footnotes":""},"categories":[71],"tags":[111,96,84,83,90,95],"class_list":{"0":"post-4447","1":"post","2":"type-post","3":"status-publish","4":"format-standard","5":"has-post-thumbnail","7":"category-blog","8":"tag-arquitecto-mallorca","9":"tag-arquitectura-ecologica","10":"tag-arquitectura-y-paisajismo","11":"tag-edificio-sostenible","12":"tag-estudio-arquitectura-mallorca","13":"tag-estudio-mallorca"},"_links":{"self":[{"href":"https:\/\/segui-arquitecte.com\/eng\/wp-json\/wp\/v2\/posts\/4447","targetHints":{"allow":["GET"]}}],"collection":[{"href":"https:\/\/segui-arquitecte.com\/eng\/wp-json\/wp\/v2\/posts"}],"about":[{"href":"https:\/\/segui-arquitecte.com\/eng\/wp-json\/wp\/v2\/types\/post"}],"author":[{"embeddable":true,"href":"https:\/\/segui-arquitecte.com\/eng\/wp-json\/wp\/v2\/users\/1"}],"replies":[{"embeddable":true,"href":"https:\/\/segui-arquitecte.com\/eng\/wp-json\/wp\/v2\/comments?post=4447"}],"version-history":[{"count":1,"href":"https:\/\/segui-arquitecte.com\/eng\/wp-json\/wp\/v2\/posts\/4447\/revisions"}],"predecessor-version":[{"id":4448,"href":"https:\/\/segui-arquitecte.com\/eng\/wp-json\/wp\/v2\/posts\/4447\/revisions\/4448"}],"wp:featuredmedia":[{"embeddable":true,"href":"https:\/\/segui-arquitecte.com\/eng\/wp-json\/wp\/v2\/media\/4444"}],"wp:attachment":[{"href":"https:\/\/segui-arquitecte.com\/eng\/wp-json\/wp\/v2\/media?parent=4447"}],"wp:term":[{"taxonomy":"category","embeddable":true,"href":"https:\/\/segui-arquitecte.com\/eng\/wp-json\/wp\/v2\/categories?post=4447"},{"taxonomy":"post_tag","embeddable":true,"href":"https:\/\/segui-arquitecte.com\/eng\/wp-json\/wp\/v2\/tags?post=4447"}],"curies":[{"name":"wp","href":"https:\/\/api.w.org\/{rel}","templated":true}]}}