{"id":4442,"date":"2025-12-12T09:35:23","date_gmt":"2025-12-12T09:35:23","guid":{"rendered":"https:\/\/segui-arquitecte.com\/?p=4442"},"modified":"2026-01-29T09:36:46","modified_gmt":"2026-01-29T09:36:46","slug":"arquitectura-sostenible-en-palma-guia-practica-para-empezar","status":"publish","type":"post","link":"https:\/\/segui-arquitecte.com\/eng\/arquitectura-sostenible-en-palma-guia-practica-para-empezar\/","title":{"rendered":"Arquitectura sostenible en Palma: gu\u00eda pr\u00e1ctica para empezar"},"content":{"rendered":"<p>La <em>arquitectura sostenible<\/em> ha dejado de ser una opci\u00f3n para convertirse en una necesidad, especialmente en entornos como Palma, donde el equilibrio entre desarrollo urbano y respeto medioambiental es clave. Aunque este cliente no acepta encargos en la capital, este art\u00edculo puede funcionar como contenido informativo general, sin atribuirle participaci\u00f3n directa en proyectos en Palma. Puede abordarse como una <strong>gu\u00eda pr\u00e1ctica gen\u00e9rica<\/strong>, \u00fatil para el usuario local que quiere entender los primeros pasos para construir o rehabilitar con criterios sostenibles.<\/p>\n\n\n\n<h2 class=\"wp-block-heading\">\u00bfQu\u00e9 entendemos por arquitectura sostenible?<\/h2>\n\n\n\n<p>Se trata de una arquitectura que busca reducir el impacto ambiental de los edificios a lo largo de todo su ciclo de vida. Esto implica eficiencia energ\u00e9tica, uso responsable de materiales, gesti\u00f3n del agua, y conexi\u00f3n con el entorno natural y cultural. No basta con instalar paneles solares: la sostenibilidad debe estar presente desde la primera l\u00ednea del proyecto.<\/p>\n\n\n\n<p>En Mallorca, esta visi\u00f3n se aplica no solo en viviendas unifamiliares, sino tambi\u00e9n en equipamientos p\u00fablicos, escoletas, centros culturales o espacios multifuncionales.<\/p>\n\n\n\n<h2 class=\"wp-block-heading\">Primer paso: elegir bien el estudio de arquitectura<\/h2>\n\n\n\n<p>Contar con un <em>estudio arquitectura Mallorca<\/em> que tenga experiencia en criterios sostenibles es fundamental. No se trata solo de seguir normativas, sino de tener sensibilidad hacia el entorno, conocimiento t\u00e9cnico y capacidad de integrar soluciones pasivas (orientaci\u00f3n, ventilaci\u00f3n cruzada, materiales de bajo impacto).<\/p>\n\n\n\n<p>Estudios como <a href=\"https:\/\/segui-arquitecte.com\/eng\/\">Segu\u00ed Arquitecte<\/a> destacan por su enfoque sobrio, eficiente y vinculado al territorio, lo que garantiza un resultado equilibrado y realista.<\/p>\n\n\n\n<h2 class=\"wp-block-heading\">Materiales y t\u00e9cnicas adaptadas al clima balear<\/h2>\n\n\n\n<p>Uno de los errores comunes en la arquitectura contempor\u00e1nea es ignorar el contexto. En el caso de Palma y de Mallorca en general, el clima mediterr\u00e1neo exige soluciones concretas: aislamientos naturales, piedra local, madera tratada, cubiertas verdes o muros de inercia t\u00e9rmica.<\/p>\n\n\n\n<p>La <em>arquitectura sostenible<\/em> no es sin\u00f3nimo de tecnolog\u00eda avanzada. A menudo, son las t\u00e9cnicas tradicionales, bien reinterpretadas, las que ofrecen mejores resultados energ\u00e9ticos y econ\u00f3micos.<\/p>\n\n\n\n<h2 class=\"wp-block-heading\">Integraci\u00f3n con el paisaje y el entorno urbano<\/h2>\n\n\n\n<p>La sostenibilidad no se mide solo en t\u00e9rminos energ\u00e9ticos. Tambi\u00e9n incluye la capacidad del edificio para integrarse con su entorno, respetar las visuales, reducir el impacto visual y generar valor social.<br>Esto es especialmente importante en barrios hist\u00f3ricos o zonas sensibles de Palma, donde cada intervenci\u00f3n debe dialogar con el paisaje urbano y no imponerse sobre \u00e9l.<\/p>\n\n\n\n<p>Un <em>estudio mallorca<\/em> con experiencia en patrimonio o urbanismo puede guiar estos procesos desde una mirada respetuosa y rigurosa.<\/p>\n\n\n\n<h2 class=\"wp-block-heading\">Gesti\u00f3n del agua: un recurso esencial<\/h2>\n\n\n\n<p>En zonas insulares, el agua es uno de los recursos m\u00e1s cr\u00edticos. Un buen proyecto de <em>arquitectura sostenible<\/em> incluye sistemas de recogida de aguas pluviales, tratamiento de aguas grises, riego eficiente o jardines con vegetaci\u00f3n aut\u00f3ctona de bajo mantenimiento.<\/p>\n\n\n\n<p>En el caso de Palma, muchas viviendas con patio o terrazas ofrecen la oportunidad de incorporar estas estrategias sin grandes complicaciones t\u00e9cnicas.<\/p>\n\n\n\n<h2 class=\"wp-block-heading\">Coste, normativa y subvenciones<\/h2>\n\n\n\n<p>El coste de un proyecto sostenible depende de muchas variables, pero a largo plazo, el ahorro energ\u00e9tico compensa la inversi\u00f3n inicial.<br>En Palma, como en el resto de Mallorca, existen normativas espec\u00edficas y ayudas p\u00fablicas (como el Plan de Rehabilitaci\u00f3n Energ\u00e9tica) que apoyan estas iniciativas.<\/p>\n\n\n\n<p>Contar con un equipo t\u00e9cnico actualizado es clave para acceder a estas subvenciones y cumplir con los requisitos t\u00e9cnicos exigidos.<\/p>\n\n\n\n<h2 class=\"wp-block-heading\">Conclusi\u00f3n<\/h2>\n\n\n\n<p>Empezar un proyecto de <em>arquitectura sostenible<\/em> en Palma implica una combinaci\u00f3n de criterio t\u00e9cnico, sensibilidad ambiental y visi\u00f3n a largo plazo. Con la orientaci\u00f3n de estudios como <a href=\"https:\/\/www.instagram.com\/llorencseguiarquitectura\/\">Segu\u00ed Arquitecte<\/a>, es posible dise\u00f1ar espacios funcionales, eficientes y profundamente conectados con el contexto local.<br>Esta gu\u00eda pr\u00e1ctica pretende servir como punto de partida para quienes apuestan por una arquitectura que no solo construya, sino que cuide.<\/p>","protected":false},"excerpt":{"rendered":"<p>La arquitectura sostenible ha dejado de ser una opci\u00f3n para convertirse en una necesidad, especialmente en entornos como Palma, donde el equilibrio entre desarrollo urbano y respeto medioambiental es clave&#8230;.<\/p>","protected":false},"author":1,"featured_media":4443,"comment_status":"open","ping_status":"open","sticky":false,"template":"","format":"standard","meta":{"footnotes":""},"categories":[71],"tags":[101,91,84,83,90,95],"class_list":{"0":"post-4442","1":"post","2":"type-post","3":"status-publish","4":"format-standard","5":"has-post-thumbnail","7":"category-blog","8":"tag-architect-mallorca","9":"tag-arquitectura-sostenible","10":"tag-arquitectura-y-paisajismo","11":"tag-edificio-sostenible","12":"tag-estudio-arquitectura-mallorca","13":"tag-estudio-mallorca"},"_links":{"self":[{"href":"https:\/\/segui-arquitecte.com\/eng\/wp-json\/wp\/v2\/posts\/4442","targetHints":{"allow":["GET"]}}],"collection":[{"href":"https:\/\/segui-arquitecte.com\/eng\/wp-json\/wp\/v2\/posts"}],"about":[{"href":"https:\/\/segui-arquitecte.com\/eng\/wp-json\/wp\/v2\/types\/post"}],"author":[{"embeddable":true,"href":"https:\/\/segui-arquitecte.com\/eng\/wp-json\/wp\/v2\/users\/1"}],"replies":[{"embeddable":true,"href":"https:\/\/segui-arquitecte.com\/eng\/wp-json\/wp\/v2\/comments?post=4442"}],"version-history":[{"count":1,"href":"https:\/\/segui-arquitecte.com\/eng\/wp-json\/wp\/v2\/posts\/4442\/revisions"}],"predecessor-version":[{"id":4445,"href":"https:\/\/segui-arquitecte.com\/eng\/wp-json\/wp\/v2\/posts\/4442\/revisions\/4445"}],"wp:featuredmedia":[{"embeddable":true,"href":"https:\/\/segui-arquitecte.com\/eng\/wp-json\/wp\/v2\/media\/4443"}],"wp:attachment":[{"href":"https:\/\/segui-arquitecte.com\/eng\/wp-json\/wp\/v2\/media?parent=4442"}],"wp:term":[{"taxonomy":"category","embeddable":true,"href":"https:\/\/segui-arquitecte.com\/eng\/wp-json\/wp\/v2\/categories?post=4442"},{"taxonomy":"post_tag","embeddable":true,"href":"https:\/\/segui-arquitecte.com\/eng\/wp-json\/wp\/v2\/tags?post=4442"}],"curies":[{"name":"wp","href":"https:\/\/api.w.org\/{rel}","templated":true}]}}