{"id":4436,"date":"2025-11-25T09:30:18","date_gmt":"2025-11-25T09:30:18","guid":{"rendered":"https:\/\/segui-arquitecte.com\/?p=4436"},"modified":"2026-01-29T09:32:06","modified_gmt":"2026-01-29T09:32:06","slug":"escoletas-bien-disenadas-arquitectura-ecologica-en-mallorca","status":"publish","type":"post","link":"https:\/\/segui-arquitecte.com\/eng\/escoletas-bien-disenadas-arquitectura-ecologica-en-mallorca\/","title":{"rendered":"Escoletas bien dise\u00f1adas: arquitectura ecol\u00f3gica en Mallorca"},"content":{"rendered":"<p>La infancia merece espacios que no solo sean seguros y estimulantes, sino tambi\u00e9n responsables con el medioambiente. En Mallorca, cada vez m\u00e1s estudios de arquitectura est\u00e1n aplicando criterios de <em>arquitectura ecol\u00f3gica<\/em> en el dise\u00f1o de escoletas, entendiendo que el entorno donde crecen los m\u00e1s peque\u00f1os influye profundamente en su desarrollo y bienestar. Este enfoque combina sostenibilidad, funcionalidad pedag\u00f3gica y una sensibilidad especial hacia el paisaje de la isla.<\/p>\n\n\n\n<p><strong>\u00bfQu\u00e9 hace ecol\u00f3gica a una escoleta?<\/strong><\/p>\n\n\n\n<p>La <em>arquitectura ecol\u00f3gica<\/em> aplicada a centros infantiles no se limita al uso de materiales naturales. Se trata de una filosof\u00eda que contempla todo el ciclo de vida del edificio: desde el origen de los materiales hasta su impacto energ\u00e9tico y su capacidad para integrarse con el entorno.<\/p>\n\n\n\n<p>En una escoleta bien dise\u00f1ada, el uso de aislamientos naturales, cubiertas verdes, sistemas de ventilaci\u00f3n cruzada o iluminaci\u00f3n natural son parte fundamental del proyecto. Tambi\u00e9n se cuida el consumo de agua, incorporando estrategias de recogida de aguas pluviales o vegetaci\u00f3n aut\u00f3ctona de bajo mantenimiento.<\/p>\n\n\n\n<h2 class=\"wp-block-heading\">Espacios que educan desde la arquitectura<\/h2>\n\n\n\n<p>En Mallorca, estudios como<a href=\"https:\/\/segui-arquitecte.com\/eng\/\"> <\/a><a href=\"https:\/\/segui-arquitecte.com\/eng\/\">Segu\u00ed<\/a><a href=\"https:\/\/segui-arquitecte.com\/eng\/\"> <\/a><a href=\"https:\/\/segui-arquitecte.com\/eng\/\">Arquitecte<\/a><a href=\"https:\/\/segui-arquitecte.com\/eng\/\"> <\/a>trabajan con la convicci\u00f3n de que la arquitectura tambi\u00e9n educa. En el dise\u00f1o de escoletas, cada elemento del espacio debe contribuir a una experiencia pedag\u00f3gica activa: patios abiertos que fomentan el movimiento, aulas con conexi\u00f3n visual al exterior, rincones naturales para el juego libre o zonas de huerto que refuerzan el v\u00ednculo con la tierra.<\/p>\n\n\n\n<p>Estos espacios no son \u00fanicamente bonitos o sostenibles: son funcionales desde el punto de vista educativo y promueven la autonom\u00eda, la exploraci\u00f3n y el respeto por el entorno.<\/p>\n\n\n\n<h2 class=\"wp-block-heading\">Dise\u00f1o adaptado al contexto insular<\/h2>\n\n\n\n<p>La buena <em>arquitectura ecol\u00f3gica<\/em> tiene en cuenta las particularidades del clima y del territorio mallorqu\u00edn. Un estudio arquitectura Mallorca que dise\u00f1a escoletas debe considerar la orientaci\u00f3n solar, los vientos predominantes y los ritmos naturales de la isla.&nbsp; Esto permite crear espacios m\u00e1s confortables sin depender en exceso de sistemas mec\u00e1nicos. La ventilaci\u00f3n natural, las sombras vegetales o el uso de materiales como la piedra local permiten reducir el consumo energ\u00e9tico al tiempo que se respeta la identidad cultural del lugar.<\/p>\n\n\n\n<h2 class=\"wp-block-heading\">El valor del paisajismo pedag\u00f3gico<\/h2>\n\n\n\n<p>En el dise\u00f1o de escoletas ecol\u00f3gicas, el <em>estudio de paisajismo<\/em> es tan importante como el arquitect\u00f3nico. Los exteriores no se plantean como meros jardines decorativos, sino como espacios educativos. Huertos escolares, senderos sensoriales o peque\u00f1os anfiteatros naturales permiten ampliar la experiencia del aula hacia el entorno.<\/p>\n\n\n\n<p>&nbsp;La fusi\u00f3n entre <em>arquitectura y paisajismo<\/em> en estos centros favorece el desarrollo emocional y cognitivo de los ni\u00f1os, y consolida una educaci\u00f3n conectada con el medio.<\/p>\n\n\n\n<h2 class=\"wp-block-heading\">Ejemplos que inspiran en Mallorca<\/h2>\n\n\n\n<p>En la isla ya existen proyectos de escoletas ecol\u00f3gicas que han marcado tendencia. Espacios construidos con maderas certificadas, ventilaci\u00f3n cruzada, cubiertas verdes y patios vivos se han convertido en referencia para nuevos proyectos p\u00fablicos.<\/p>\n\n\n\n<p>&nbsp;El trabajo de estudios como<a href=\"https:\/\/segui-arquitecte.com\/eng\/\"> <\/a><a href=\"https:\/\/segui-arquitecte.com\/eng\/\">Segu\u00ed<\/a><a href=\"https:\/\/segui-arquitecte.com\/eng\/\"> <\/a><a href=\"https:\/\/segui-arquitecte.com\/eng\/\">Arquitecte<\/a><a href=\"https:\/\/segui-arquitecte.com\/eng\/\"> <\/a>\u2014cuyo<a href=\"https:\/\/www.instagram.com\/llorencseguiarquitectura\/\"> <\/a><a href=\"https:\/\/www.instagram.com\/llorencseguiarquitectura\/\">Instagram<\/a><a href=\"https:\/\/www.instagram.com\/llorencseguiarquitectura\/\"> <\/a>recoge ejemplos de este enfoque\u2014 demuestra que se puede hacer arquitectura respetuosa, educativa y comprometida, sin renunciar a la belleza ni a la funcionalidad.<strong><\/strong><\/p>\n\n\n\n<p>Las escoletas bien dise\u00f1adas son mucho m\u00e1s que centros infantiles: son entornos de aprendizaje, salud y respeto por el planeta. Aplicar criterios de <em>arquitectura ecol\u00f3gica<\/em> en su dise\u00f1o significa crear espacios donde los m\u00e1s peque\u00f1os pueden crecer en armon\u00eda con su entorno, aprendiendo desde el primer d\u00eda a habitar el mundo de forma consciente.\u00a0 En Mallorca, la apuesta por este tipo de proyectos est\u00e1 transformando la manera de entender la educaci\u00f3n infantil, gracias al trabajo de estudios que integran t\u00e9cnica, pedagog\u00eda y sostenibilidad.<\/p>","protected":false},"excerpt":{"rendered":"<p>La infancia merece espacios que no solo sean seguros y estimulantes, sino tambi\u00e9n responsables con el medioambiente. En Mallorca, cada vez m\u00e1s estudios de arquitectura est\u00e1n aplicando criterios de arquitectura&#8230;<\/p>","protected":false},"author":1,"featured_media":4430,"comment_status":"open","ping_status":"open","sticky":false,"template":"","format":"standard","meta":{"footnotes":""},"categories":[71],"tags":[101,96,84,90,81,95],"class_list":{"0":"post-4436","1":"post","2":"type-post","3":"status-publish","4":"format-standard","5":"has-post-thumbnail","7":"category-blog","8":"tag-architect-mallorca","9":"tag-arquitectura-ecologica","10":"tag-arquitectura-y-paisajismo","11":"tag-estudio-arquitectura-mallorca","12":"tag-estudio-de-paisajismo","13":"tag-estudio-mallorca"},"_links":{"self":[{"href":"https:\/\/segui-arquitecte.com\/eng\/wp-json\/wp\/v2\/posts\/4436","targetHints":{"allow":["GET"]}}],"collection":[{"href":"https:\/\/segui-arquitecte.com\/eng\/wp-json\/wp\/v2\/posts"}],"about":[{"href":"https:\/\/segui-arquitecte.com\/eng\/wp-json\/wp\/v2\/types\/post"}],"author":[{"embeddable":true,"href":"https:\/\/segui-arquitecte.com\/eng\/wp-json\/wp\/v2\/users\/1"}],"replies":[{"embeddable":true,"href":"https:\/\/segui-arquitecte.com\/eng\/wp-json\/wp\/v2\/comments?post=4436"}],"version-history":[{"count":1,"href":"https:\/\/segui-arquitecte.com\/eng\/wp-json\/wp\/v2\/posts\/4436\/revisions"}],"predecessor-version":[{"id":4437,"href":"https:\/\/segui-arquitecte.com\/eng\/wp-json\/wp\/v2\/posts\/4436\/revisions\/4437"}],"wp:featuredmedia":[{"embeddable":true,"href":"https:\/\/segui-arquitecte.com\/eng\/wp-json\/wp\/v2\/media\/4430"}],"wp:attachment":[{"href":"https:\/\/segui-arquitecte.com\/eng\/wp-json\/wp\/v2\/media?parent=4436"}],"wp:term":[{"taxonomy":"category","embeddable":true,"href":"https:\/\/segui-arquitecte.com\/eng\/wp-json\/wp\/v2\/categories?post=4436"},{"taxonomy":"post_tag","embeddable":true,"href":"https:\/\/segui-arquitecte.com\/eng\/wp-json\/wp\/v2\/tags?post=4436"}],"curies":[{"name":"wp","href":"https:\/\/api.w.org\/{rel}","templated":true}]}}