{"id":4434,"date":"2025-11-18T09:29:05","date_gmt":"2025-11-18T09:29:05","guid":{"rendered":"https:\/\/segui-arquitecte.com\/?p=4434"},"modified":"2026-01-29T09:30:16","modified_gmt":"2026-01-29T09:30:16","slug":"que-tener-en-cuenta-en-arquitectura-publica-en-palma","status":"publish","type":"post","link":"https:\/\/segui-arquitecte.com\/eng\/que-tener-en-cuenta-en-arquitectura-publica-en-palma\/","title":{"rendered":"Qu\u00e9 tener en cuenta en arquitectura p\u00fablica en Palma"},"content":{"rendered":"<p>Aunque el t\u00edtulo mencione Palma por motivos de posicionamiento, este art\u00edculo aborda la <em>arquitectura p\u00fablica<\/em> en Mallorca en un sentido amplio, con el objetivo de destacar c\u00f3mo los <em>arquitectos palma<\/em> y los estudios de la isla desarrollan proyectos que equilibran funcionalidad, sostenibilidad y valor social. La arquitectura p\u00fablica va m\u00e1s all\u00e1 de lo est\u00e9tico: define espacios que sirven a la comunidad y deben responder con eficiencia a su entorno.<\/p>\n\n\n\n<h2 class=\"wp-block-heading\">Funcionalidad y servicio p\u00fablico<\/h2>\n\n\n\n<p>En cualquier obra p\u00fablica, la funcionalidad es el punto de partida. Un proyecto bien planificado se dise\u00f1a para facilitar la vida de quienes lo usan. Desde centros de d\u00eda hasta equipamientos culturales o deportivos, los espacios deben ser accesibles, flexibles y adaptables a diferentes actividades.<\/p>\n\n\n\n<p>&nbsp;Un estudio de arquitectura con experiencia en este tipo de proyectos entiende que la arquitectura p\u00fablica debe estar al servicio de las personas y no al rev\u00e9s.<\/p>\n\n\n\n<h2 class=\"wp-block-heading\">Contexto local y adaptaci\u00f3n al entorno<\/h2>\n\n\n\n<p>La arquitectura p\u00fablica en Mallorca exige conocer el lugar. Los <em>arquitectos palma<\/em> con experiencia en la isla valoran la orientaci\u00f3n, los vientos dominantes, el uso de materiales locales y la integraci\u00f3n en el paisaje. Un dise\u00f1o que respeta el entorno no solo mejora la eficiencia energ\u00e9tica, sino que tambi\u00e9n refuerza el sentido de identidad del municipio.&nbsp; Los buenos proyectos p\u00fablicos son aquellos que dialogan con el contexto urbano o rural y generan un impacto positivo en la comunidad.<\/p>\n\n\n\n<h2 class=\"wp-block-heading\">Sostenibilidad como prioridad<\/h2>\n\n\n\n<p>Hoy, cualquier equipamiento p\u00fablico debe apostar por una <em>arquitectura sostenible<\/em>. Esto no significa aplicar etiquetas t\u00e9cnicas, sino utilizar estrategias pasivas, materiales duraderos y sistemas eficientes que reduzcan el consumo energ\u00e9tico.<\/p>\n\n\n\n<p>&nbsp;Cubiertas verdes, iluminaci\u00f3n natural o recolecci\u00f3n de aguas pluviales son recursos que optimizan el mantenimiento y contribuyen al bienestar de los usuarios. Un edificio sostenible es aquel que piensa a largo plazo y minimiza su huella ecol\u00f3gica.<\/p>\n\n\n\n<h2 class=\"wp-block-heading\">Dise\u00f1o inclusivo y accesible<\/h2>\n\n\n\n<p>La accesibilidad es otro aspecto esencial. Rampas bien integradas, se\u00f1alizaci\u00f3n clara y espacios amplios son factores que garantizan el acceso de todas las personas. La arquitectura p\u00fablica debe promover la inclusi\u00f3n sin comprometer la est\u00e9tica ni la coherencia del conjunto arquitect\u00f3nico.<\/p>\n\n\n\n<p>&nbsp;Un dise\u00f1o accesible es, en \u00faltima instancia, un dise\u00f1o humano: pensado para todos.<\/p>\n\n\n\n<h2 class=\"wp-block-heading\">Colaboraci\u00f3n y multidisciplinariedad<\/h2>\n\n\n\n<p>Los proyectos p\u00fablicos suelen implicar la colaboraci\u00f3n de distintos profesionales:<\/p>\n\n\n\n<p>arquitectos, paisajistas, ingenieros, educadores o expertos en movilidad. Esa coordinaci\u00f3n entre disciplinas es clave para lograr resultados integrales.<\/p>\n\n\n\n<p>&nbsp;Estudios como<a href=\"https:\/\/segui-arquitecte.com\/eng\/\"> <\/a><a href=\"https:\/\/segui-arquitecte.com\/eng\/\">Segu\u00ed<\/a><a href=\"https:\/\/segui-arquitecte.com\/eng\/\"> <\/a><a href=\"https:\/\/segui-arquitecte.com\/eng\/\">Arquitecte<\/a><a href=\"https:\/\/segui-arquitecte.com\/eng\/\"> <\/a>trabajan bajo esta premisa, desarrollando obras que combinan <em>arquitectura y paisajismo<\/em>, sostenibilidad y coherencia territorial. En su<a href=\"https:\/\/www.instagram.com\/llorencseguiarquitectura\/\"> <\/a><a href=\"https:\/\/www.instagram.com\/llorencseguiarquitectura\/\">Instagram<\/a><a href=\"https:\/\/www.instagram.com\/llorencseguiarquitectura\/\"> <\/a><a href=\"https:\/\/www.instagram.com\/llorencseguiarquitectura\/\">oficial<\/a> se pueden ver ejemplos de proyectos donde la sensibilidad social y el rigor t\u00e9cnico van de la mano.<\/p>\n\n\n\n<h2 class=\"wp-block-heading\">Impacto social y valor cultural<\/h2>\n\n\n\n<p>M\u00e1s all\u00e1 de su funci\u00f3n pr\u00e1ctica, los edificios p\u00fablicos tienen una dimensi\u00f3n simb\u00f3lica. Representan los valores de una comunidad y pueden convertirse en referentes arquitect\u00f3nicos. La forma en que se dise\u00f1an los espacios p\u00fablicos influye directamente en la calidad de vida, la interacci\u00f3n social y la percepci\u00f3n del entorno urbano.<strong><\/strong><\/p>\n\n\n\n<p>La <em>arquitectura p\u00fablica en Mallorca<\/em> es una oportunidad para construir espacios m\u00e1s sostenibles, inclusivos y significativos. Los <em>arquitectos palma<\/em> que entienden la importancia del contexto y del servicio p\u00fablico son capaces de transformar lo cotidiano en un legado colectivo.<\/p>","protected":false},"excerpt":{"rendered":"<p>Aunque el t\u00edtulo mencione Palma por motivos de posicionamiento, este art\u00edculo aborda la arquitectura p\u00fablica en Mallorca en un sentido amplio, con el objetivo de destacar c\u00f3mo los arquitectos palma&#8230;<\/p>","protected":false},"author":1,"featured_media":4429,"comment_status":"open","ping_status":"open","sticky":false,"template":"","format":"standard","meta":{"footnotes":""},"categories":[71],"tags":[101,100,110,91,84,90],"class_list":{"0":"post-4434","1":"post","2":"type-post","3":"status-publish","4":"format-standard","5":"has-post-thumbnail","7":"category-blog","8":"tag-architect-mallorca","9":"tag-arquitectos-palma","10":"tag-arquitectura-publica","11":"tag-arquitectura-sostenible","12":"tag-arquitectura-y-paisajismo","13":"tag-estudio-arquitectura-mallorca"},"_links":{"self":[{"href":"https:\/\/segui-arquitecte.com\/eng\/wp-json\/wp\/v2\/posts\/4434","targetHints":{"allow":["GET"]}}],"collection":[{"href":"https:\/\/segui-arquitecte.com\/eng\/wp-json\/wp\/v2\/posts"}],"about":[{"href":"https:\/\/segui-arquitecte.com\/eng\/wp-json\/wp\/v2\/types\/post"}],"author":[{"embeddable":true,"href":"https:\/\/segui-arquitecte.com\/eng\/wp-json\/wp\/v2\/users\/1"}],"replies":[{"embeddable":true,"href":"https:\/\/segui-arquitecte.com\/eng\/wp-json\/wp\/v2\/comments?post=4434"}],"version-history":[{"count":1,"href":"https:\/\/segui-arquitecte.com\/eng\/wp-json\/wp\/v2\/posts\/4434\/revisions"}],"predecessor-version":[{"id":4435,"href":"https:\/\/segui-arquitecte.com\/eng\/wp-json\/wp\/v2\/posts\/4434\/revisions\/4435"}],"wp:featuredmedia":[{"embeddable":true,"href":"https:\/\/segui-arquitecte.com\/eng\/wp-json\/wp\/v2\/media\/4429"}],"wp:attachment":[{"href":"https:\/\/segui-arquitecte.com\/eng\/wp-json\/wp\/v2\/media?parent=4434"}],"wp:term":[{"taxonomy":"category","embeddable":true,"href":"https:\/\/segui-arquitecte.com\/eng\/wp-json\/wp\/v2\/categories?post=4434"},{"taxonomy":"post_tag","embeddable":true,"href":"https:\/\/segui-arquitecte.com\/eng\/wp-json\/wp\/v2\/tags?post=4434"}],"curies":[{"name":"wp","href":"https:\/\/api.w.org\/{rel}","templated":true}]}}