{"id":4432,"date":"2025-11-11T09:27:41","date_gmt":"2025-11-11T09:27:41","guid":{"rendered":"https:\/\/segui-arquitecte.com\/?p=4432"},"modified":"2026-01-29T09:28:46","modified_gmt":"2026-01-29T09:28:46","slug":"centro-de-dia-palmanova-arquitectura-sostenible-funcional","status":"publish","type":"post","link":"https:\/\/segui-arquitecte.com\/eng\/centro-de-dia-palmanova-arquitectura-sostenible-funcional\/","title":{"rendered":"Centro de D\u00eda Palmanova: arquitectura sostenible funcional"},"content":{"rendered":"<p>El proyecto del Centro de D\u00eda Palmanova se presenta como un ejemplo claro de c\u00f3mo la <em>arquitectura sostenible<\/em> puede integrarse con naturalidad en el \u00e1mbito asistencial. Este tipo de equipamientos p\u00fablicos no solo deben responder a criterios de funcionalidad y accesibilidad, sino que tienen la responsabilidad de ofrecer bienestar a los usuarios y generar un impacto positivo en el entorno.<\/p>\n\n\n\n<p>Dise\u00f1ado por un estudio de arquitectura con experiencia en la isla, este centro de d\u00eda demuestra que es posible combinar dise\u00f1o contempor\u00e1neo, eficiencia energ\u00e9tica y calidez humana en un mismo espacio.<\/p>\n\n\n\n<h2 class=\"wp-block-heading\">Dise\u00f1o orientado al bienestar<\/h2>\n\n\n\n<p>En el Centro de D\u00eda Palmanova, cada decisi\u00f3n arquitect\u00f3nica gira en torno a las personas que lo habitan. Las salas est\u00e1n orientadas para aprovechar al m\u00e1ximo la luz natural y las ventilaciones cruzadas, con grandes aperturas que conectan visual y f\u00edsicamente el interior con patios y jardines. Esto permite que los usuarios mantengan contacto directo con el entorno exterior, mejorando su confort emocional y su calidad de vida.<\/p>\n\n\n\n<p>El proyecto ha priorizado la claridad espacial, la accesibilidad universal y la adaptabilidad, con espacios que se abren o cierran seg\u00fan las necesidades del uso diario. Esta flexibilidad permite desarrollar actividades grupales, atenci\u00f3n individualizada y zonas de descanso, todo sin barreras f\u00edsicas ni visuales.<\/p>\n\n\n\n<h2 class=\"wp-block-heading\">Estrategias pasivas para reducir el consumo<\/h2>\n\n\n\n<p>Uno de los pilares de este proyecto es la <em>arquitectura sostenible<\/em> entendida desde una perspectiva bioclim\u00e1tica. El dise\u00f1o incorpora sistemas pasivos como:<\/p>\n\n\n\n<ul class=\"wp-block-list\">\n<li>Protecci\u00f3n solar mediante lamas y porches.<\/li>\n<\/ul>\n\n\n\n<ul class=\"wp-block-list\">\n<li>Cubiertas vegetales que mejoran el aislamiento t\u00e9rmico.<\/li>\n<\/ul>\n\n\n\n<ul class=\"wp-block-list\">\n<li>Muros de inercia t\u00e9rmica que regulan la temperatura interior.<\/li>\n<\/ul>\n\n\n\n<ul class=\"wp-block-list\">\n<li>Ventanas con control solar y carpinter\u00eda eficiente.<\/li>\n<\/ul>\n\n\n\n<p>Gracias a estas decisiones, se minimiza el uso de climatizaci\u00f3n artificial y se mejora el rendimiento energ\u00e9tico general del edificio, aline\u00e1ndose con los objetivos actuales de eficiencia en edificios p\u00fablicos.<\/p>\n\n\n\n<h2 class=\"wp-block-heading\">Materiales locales y bajo impacto ambiental<\/h2>\n\n\n\n<p>El uso de materiales de proximidad ha sido otro de los elementos clave del dise\u00f1o. La piedra local, la madera certificada y los revestimientos naturales aportan no solo un valor est\u00e9tico, sino tambi\u00e9n funcional, ya que son duraderos, reciclables y requieren bajo mantenimiento.<\/p>\n\n\n\n<p>Adem\u00e1s, se han implementado sistemas de recogida de aguas pluviales y de gesti\u00f3n eficiente del consumo h\u00eddrico, optimizando los recursos y reduciendo el impacto ambiental del edificio desde su construcci\u00f3n.<\/p>\n\n\n\n<h2 class=\"wp-block-heading\">Paisajismo como parte activa del dise\u00f1o<\/h2>\n\n\n\n<p>El paisajismo no se ha tratado como un a\u00f1adido, sino como una parte integral de la propuesta. Un <em>arquitecto paisajista<\/em> colabor\u00f3 en el dise\u00f1o de zonas verdes accesibles, jardines sensoriales y espacios exteriores que estimulan los sentidos y fomentan la interacci\u00f3n.<\/p>\n\n\n\n<p>Estas \u00e1reas cumplen una funci\u00f3n terap\u00e9utica, aportan valor est\u00e9tico y ecol\u00f3gico, y ayudan a reducir la temperatura ambiente en los meses c\u00e1lidos. La integraci\u00f3n entre <em>arquitectura y paisajismo<\/em> genera una experiencia m\u00e1s completa, conectando a los usuarios con la naturaleza desde lo cotidiano.<\/p>\n\n\n\n<h2 class=\"wp-block-heading\">Ejemplo replicable en otros municipios<\/h2>\n\n\n\n<p>El Centro de D\u00eda Palmanova no solo responde a una necesidad local, sino que se posiciona como un modelo replicable para otros municipios de Mallorca. Representa una manera de entender la arquitectura p\u00fablica desde el compromiso ambiental, social y funcional.<\/p>\n\n\n\n<p>Estudios como<a href=\"https:\/\/segui-arquitecte.com\/eng\/\"> <\/a><a href=\"https:\/\/segui-arquitecte.com\/eng\/\">Segu\u00ed<\/a><a href=\"https:\/\/segui-arquitecte.com\/eng\/\"> <\/a><a href=\"https:\/\/segui-arquitecte.com\/eng\/\">Arquitecte<\/a><a href=\"https:\/\/segui-arquitecte.com\/eng\/\"> <\/a>llevan a\u00f1os aplicando esta visi\u00f3n en sus proyectos, con una mirada integral que combina t\u00e9cnica, sensibilidad y contexto. Su<a href=\"https:\/\/www.instagram.com\/llorencseguiarquitectura\/\"> <\/a><a href=\"https:\/\/www.instagram.com\/llorencseguiarquitectura\/\">perfil<\/a><a href=\"https:\/\/www.instagram.com\/llorencseguiarquitectura\/\"> <\/a><a href=\"https:\/\/www.instagram.com\/llorencseguiarquitectura\/\">de<\/a><a href=\"https:\/\/www.instagram.com\/llorencseguiarquitectura\/\"> <\/a><a href=\"https:\/\/www.instagram.com\/llorencseguiarquitectura\/\">Instagram<\/a><a href=\"https:\/\/www.instagram.com\/llorencseguiarquitectura\/\"> <\/a>recoge otros ejemplos donde la sostenibilidad y la arquitectura social van de la mano.<strong><\/strong><\/p>\n\n\n\n<p>El Centro de D\u00eda Palmanova demuestra que la <em>arquitectura sostenible<\/em> no es una moda, sino una necesidad real que mejora la vida de las personas. Gracias al uso inteligente de recursos, al dise\u00f1o centrado en el usuario y a una integraci\u00f3n sensible con el entorno, este proyecto se convierte en una referencia para el desarrollo de equipamientos p\u00fablicos m\u00e1s humanos, eficientes y duraderos en Mallorca.<\/p>","protected":false},"excerpt":{"rendered":"<p>El proyecto del Centro de D\u00eda Palmanova se presenta como un ejemplo claro de c\u00f3mo la arquitectura sostenible puede integrarse con naturalidad en el \u00e1mbito asistencial. Este tipo de equipamientos&#8230;<\/p>","protected":false},"author":1,"featured_media":4428,"comment_status":"open","ping_status":"open","sticky":false,"template":"","format":"standard","meta":{"footnotes":""},"categories":[71],"tags":[101,82,91,84,83,90,95],"class_list":{"0":"post-4432","1":"post","2":"type-post","3":"status-publish","4":"format-standard","5":"has-post-thumbnail","7":"category-blog","8":"tag-architect-mallorca","9":"tag-arquitecto-paisajista","10":"tag-arquitectura-sostenible","11":"tag-arquitectura-y-paisajismo","12":"tag-edificio-sostenible","13":"tag-estudio-arquitectura-mallorca","14":"tag-estudio-mallorca"},"_links":{"self":[{"href":"https:\/\/segui-arquitecte.com\/eng\/wp-json\/wp\/v2\/posts\/4432","targetHints":{"allow":["GET"]}}],"collection":[{"href":"https:\/\/segui-arquitecte.com\/eng\/wp-json\/wp\/v2\/posts"}],"about":[{"href":"https:\/\/segui-arquitecte.com\/eng\/wp-json\/wp\/v2\/types\/post"}],"author":[{"embeddable":true,"href":"https:\/\/segui-arquitecte.com\/eng\/wp-json\/wp\/v2\/users\/1"}],"replies":[{"embeddable":true,"href":"https:\/\/segui-arquitecte.com\/eng\/wp-json\/wp\/v2\/comments?post=4432"}],"version-history":[{"count":1,"href":"https:\/\/segui-arquitecte.com\/eng\/wp-json\/wp\/v2\/posts\/4432\/revisions"}],"predecessor-version":[{"id":4433,"href":"https:\/\/segui-arquitecte.com\/eng\/wp-json\/wp\/v2\/posts\/4432\/revisions\/4433"}],"wp:featuredmedia":[{"embeddable":true,"href":"https:\/\/segui-arquitecte.com\/eng\/wp-json\/wp\/v2\/media\/4428"}],"wp:attachment":[{"href":"https:\/\/segui-arquitecte.com\/eng\/wp-json\/wp\/v2\/media?parent=4432"}],"wp:term":[{"taxonomy":"category","embeddable":true,"href":"https:\/\/segui-arquitecte.com\/eng\/wp-json\/wp\/v2\/categories?post=4432"},{"taxonomy":"post_tag","embeddable":true,"href":"https:\/\/segui-arquitecte.com\/eng\/wp-json\/wp\/v2\/tags?post=4432"}],"curies":[{"name":"wp","href":"https:\/\/api.w.org\/{rel}","templated":true}]}}