{"id":4424,"date":"2025-10-28T09:22:23","date_gmt":"2025-10-28T09:22:23","guid":{"rendered":"https:\/\/segui-arquitecte.com\/?p=4424"},"modified":"2026-01-29T09:23:37","modified_gmt":"2026-01-29T09:23:37","slug":"casas-con-patio-arquitectura-residencial-con-identidad-mediterranea","status":"publish","type":"post","link":"https:\/\/segui-arquitecte.com\/eng\/casas-con-patio-arquitectura-residencial-con-identidad-mediterranea\/","title":{"rendered":"Casas con patio: arquitectura residencial con identidad mediterr\u00e1nea"},"content":{"rendered":"<p>Las <strong>casas con patio<\/strong> son una de las tipolog\u00edas m\u00e1s representativas de la <em>arquitectura residencial en Mallorca<\/em>. Inspiradas en la tradici\u00f3n mediterr\u00e1nea, estas viviendas integran lo privado y lo comunitario, lo interior y lo exterior, generando espacios \u00fanicos que a\u00fan hoy conservan plena vigencia. Aunque el t\u00edtulo original menciona Palma de Mallorca, este modelo arquitect\u00f3nico est\u00e1 presente en numerosos municipios de la isla, especialmente en el norte y en el interior, donde el patio sigue siendo un elemento esencial para la vida dom\u00e9stica. Su dise\u00f1o responde a necesidades clim\u00e1ticas, culturales y sociales, reinterpretado hoy por <em>arquitectos en Mallorca<\/em> y <em>estudios de arquitectura<\/em> que buscan unir sostenibilidad y confort.<\/p>\n\n\n\n<h2 class=\"wp-block-heading\">El patio como coraz\u00f3n de la vivienda<\/h2>\n\n\n\n<p>En la tradici\u00f3n arquitect\u00f3nica mallorquina, el patio ha sido siempre el n\u00facleo organizador de la vida dom\u00e9stica. Estos espacios permiten ventilar, iluminar y conectar diferentes estancias de la casa, garantizando al mismo tiempo privacidad y contacto con el entorno.<\/p>\n\n\n\n<p>Un <em>estudio arquitectura Mallorca<\/em> que aborda proyectos de este tipo sabe que el patio no es solo un elemento est\u00e9tico, sino un recurso funcional de gran valor. Proporciona frescor en verano, capta luz en invierno y se convierte en un lugar de encuentro para la familia. Recuperar esta tipolog\u00eda supone apostar por viviendas m\u00e1s saludables y humanas en cualquier municipio de la isla.<\/p>\n\n\n\n<h2 class=\"wp-block-heading\">Funcionalidad y dise\u00f1o contempor\u00e1neo<\/h2>\n\n\n\n<p>Hoy en d\u00eda, las casas con patio no se conciben \u00fanicamente como parte del pasado. Al contrario, forman parte de la vanguardia de la <em>arquitectura residencial<\/em>. Los patios permiten integrar soluciones de dise\u00f1o contempor\u00e1neo, como cocinas abiertas hacia el exterior, salones conectados con terrazas o dormitorios con acceso directo a jardines interiores.<\/p>\n\n\n\n<p>La versatilidad de este recurso ha llevado a muchos <em>estudios de arquitectura<\/em> a reinterpretarlo en promociones de viviendas unifamiliares y proyectos urbanos. Se consigue as\u00ed un equilibrio entre tradici\u00f3n y modernidad, adaptado a los nuevos estilos de vida.<\/p>\n\n\n\n<h2 class=\"wp-block-heading\">Sostenibilidad y eficiencia energ\u00e9tica<\/h2>\n\n\n\n<p>Uno de los mayores valores de esta tipolog\u00eda es su compatibilidad con criterios de sostenibilidad. El patio funciona como regulador t\u00e9rmico natural, reduciendo la necesidad de climatizaci\u00f3n artificial. Adem\u00e1s, favorece la ventilaci\u00f3n cruzada, la entrada de luz natural y el control de la radiaci\u00f3n solar mediante p\u00e9rgolas o vegetaci\u00f3n.<\/p>\n\n\n\n<p>De este modo, las casas con patio no solo preservan la tradici\u00f3n, sino que tambi\u00e9n cumplen con las exigencias actuales de eficiencia. Convertirse en un <em>edificio sostenible<\/em> es m\u00e1s sencillo cuando la propia estructura de la vivienda favorece el ahorro energ\u00e9tico.<\/p>\n\n\n\n<h2 class=\"wp-block-heading\">El patio como espacio social y emocional<\/h2>\n\n\n\n<p>M\u00e1s all\u00e1 de lo t\u00e9cnico, el patio tiene un fuerte componente emocional. Es un espacio de convivencia, un lugar donde la familia se re\u00fane y donde se desarrollan actividades al aire libre sin salir de casa. En la cultura mediterr\u00e1nea, este espacio ha sido escenario de celebraciones, juegos infantiles y momentos de descanso.<\/p>\n\n\n\n<p>Un <em>arquitecto paisajista<\/em> puede transformar el patio en un peque\u00f1o jard\u00edn, un espacio sensorial o incluso un huerto urbano, dotando a la vivienda de un valor a\u00f1adido. Esta fusi\u00f3n de <em>paisajismo y arquitectura<\/em> potencia la experiencia del habitar y conecta la vida cotidiana con la naturaleza.<\/p>\n\n\n\n<h2 class=\"wp-block-heading\">Ejemplos contempor\u00e1neos en Mallorca<\/h2>\n\n\n\n<p>Actualmente, en diferentes municipios de Mallorca se desarrollan proyectos residenciales que revalorizan el patio como elemento central. Algunos se inspiran en las casas se\u00f1oriales tradicionales de los cascos antiguos, mientras que otros lo adaptan a la vivienda contempor\u00e1nea de dise\u00f1o minimalista.<\/p>\n\n\n\n<p>Estudios como<a href=\"https:\/\/segui-arquitecte.com\/eng\/\"> <\/a><a href=\"https:\/\/segui-arquitecte.com\/eng\/\">Segu\u00ed<\/a><a href=\"https:\/\/segui-arquitecte.com\/eng\/\"> <\/a><a href=\"https:\/\/segui-arquitecte.com\/eng\/\">Arquitecte<\/a><a href=\"https:\/\/segui-arquitecte.com\/eng\/\"> <\/a>han trabajado en propuestas de este tipo, donde la esencia del patio se combina con criterios modernos de sostenibilidad y confort. En su<a href=\"https:\/\/www.instagram.com\/llorencseguiarquitectura\/\"> <\/a><a href=\"https:\/\/www.instagram.com\/llorencseguiarquitectura\/\">Instagram<\/a><a href=\"https:\/\/www.instagram.com\/llorencseguiarquitectura\/\"> <\/a><a href=\"https:\/\/www.instagram.com\/llorencseguiarquitectura\/\">oficial<\/a> se pueden apreciar obras donde la tradici\u00f3n mallorquina dialoga con la innovaci\u00f3n arquitect\u00f3nica.<strong><\/strong><\/p>\n\n\n\n<p>Las casas con patio representan un legado cultural que sigue marcando tendencia en la <em>arquitectura residencial de Mallorca<\/em>. Su capacidad para equilibrar tradici\u00f3n, sostenibilidad y vida contempor\u00e1nea las convierte en un modelo a seguir. Gracias a la labor de <em>arquitectos en Mallorca<\/em> y de un <em>estudio arquitectura Mallorca<\/em> con experiencia en dise\u00f1o local, este tipo de vivienda se proyecta hacia el futuro como un espacio funcional, emocional y plenamente mediterr\u00e1neo.<\/p>","protected":false},"excerpt":{"rendered":"<p>Las casas con patio son una de las tipolog\u00edas m\u00e1s representativas de la arquitectura residencial en Mallorca. Inspiradas en la tradici\u00f3n mediterr\u00e1nea, estas viviendas integran lo privado y lo comunitario,&#8230;<\/p>","protected":false},"author":1,"featured_media":4417,"comment_status":"open","ping_status":"open","sticky":false,"template":"","format":"standard","meta":{"footnotes":""},"categories":[71],"tags":[101,82,100,99,84,83,90],"class_list":{"0":"post-4424","1":"post","2":"type-post","3":"status-publish","4":"format-standard","5":"has-post-thumbnail","7":"category-blog","8":"tag-architect-mallorca","9":"tag-arquitecto-paisajista","10":"tag-arquitectos-palma","11":"tag-arquitectura-residencial","12":"tag-arquitectura-y-paisajismo","13":"tag-edificio-sostenible","14":"tag-estudio-arquitectura-mallorca"},"_links":{"self":[{"href":"https:\/\/segui-arquitecte.com\/eng\/wp-json\/wp\/v2\/posts\/4424","targetHints":{"allow":["GET"]}}],"collection":[{"href":"https:\/\/segui-arquitecte.com\/eng\/wp-json\/wp\/v2\/posts"}],"about":[{"href":"https:\/\/segui-arquitecte.com\/eng\/wp-json\/wp\/v2\/types\/post"}],"author":[{"embeddable":true,"href":"https:\/\/segui-arquitecte.com\/eng\/wp-json\/wp\/v2\/users\/1"}],"replies":[{"embeddable":true,"href":"https:\/\/segui-arquitecte.com\/eng\/wp-json\/wp\/v2\/comments?post=4424"}],"version-history":[{"count":1,"href":"https:\/\/segui-arquitecte.com\/eng\/wp-json\/wp\/v2\/posts\/4424\/revisions"}],"predecessor-version":[{"id":4425,"href":"https:\/\/segui-arquitecte.com\/eng\/wp-json\/wp\/v2\/posts\/4424\/revisions\/4425"}],"wp:featuredmedia":[{"embeddable":true,"href":"https:\/\/segui-arquitecte.com\/eng\/wp-json\/wp\/v2\/media\/4417"}],"wp:attachment":[{"href":"https:\/\/segui-arquitecte.com\/eng\/wp-json\/wp\/v2\/media?parent=4424"}],"wp:term":[{"taxonomy":"category","embeddable":true,"href":"https:\/\/segui-arquitecte.com\/eng\/wp-json\/wp\/v2\/categories?post=4424"},{"taxonomy":"post_tag","embeddable":true,"href":"https:\/\/segui-arquitecte.com\/eng\/wp-json\/wp\/v2\/tags?post=4424"}],"curies":[{"name":"wp","href":"https:\/\/api.w.org\/{rel}","templated":true}]}}