{"id":4422,"date":"2025-10-21T09:19:58","date_gmt":"2025-10-21T09:19:58","guid":{"rendered":"https:\/\/segui-arquitecte.com\/?p=4422"},"modified":"2026-01-29T09:21:48","modified_gmt":"2026-01-29T09:21:48","slug":"local-versatil-architect-mallorca-que-conecta-cocina-y-espacio","status":"publish","type":"post","link":"https:\/\/segui-arquitecte.com\/eng\/local-versatil-architect-mallorca-que-conecta-cocina-y-espacio\/","title":{"rendered":"Local Versatil: architect Mallorca que conecta cocina y espacio"},"content":{"rendered":"<p>El proyecto <strong>Local Versatil<\/strong> es un ejemplo contempor\u00e1neo de c\u00f3mo un <em>architect Mallorca<\/em> puede transformar un espacio cotidiano en un entorno flexible, acogedor y lleno de posibilidades. La intervenci\u00f3n se centra en la cocina como n\u00facleo central, reinterpret\u00e1ndola no solo como un \u00e1rea de preparaci\u00f3n de alimentos, sino como el coraz\u00f3n del espacio donde se desarrollan la vida social, la convivencia y la creatividad.<\/p>\n\n\n\n<h2 class=\"wp-block-heading\">La cocina como n\u00facleo de relaci\u00f3n<\/h2>\n\n\n\n<p>Tradicionalmente, la cocina ha sido un espacio funcional, pensado exclusivamente para cocinar. Sin embargo, la visi\u00f3n de este proyecto la coloca como un aut\u00e9ntico centro de conexi\u00f3n. El dise\u00f1o elimina barreras f\u00edsicas, creando un ambiente abierto que integra la cocina con la sala y otras \u00e1reas del local.<\/p>\n\n\n\n<p>Este concepto responde a las tendencias m\u00e1s actuales de la arquitectura contempor\u00e1nea en la isla, donde se busca generar amplitud, continuidad y una atm\u00f3sfera que fomente las relaciones sociales.<\/p>\n\n\n\n<p>El resultado es un lugar donde los usuarios no solo cocinan, sino que comparten, se re\u00fanen y disfrutan de la experiencia gastron\u00f3mica como parte de su d\u00eda a d\u00eda.<\/p>\n\n\n\n<h2 class=\"wp-block-heading\">Versatilidad espacial y multifuncionalidad<\/h2>\n\n\n\n<p>El proyecto se adapta a diferentes usos, convirtiendo el local en un espacio flexible que puede funcionar como restaurante, \u00e1rea de coworking, aula de talleres o incluso como sala cultural. Este grado de versatilidad es posible gracias al trabajo de un <em>estudio arquitectura Mallorca<\/em> que entiende la importancia de dise\u00f1ar con visi\u00f3n de futuro.<\/p>\n\n\n\n<p>La incorporaci\u00f3n de mobiliario m\u00f3vil, sistemas de iluminaci\u00f3n adaptables y materiales resistentes facilita la reconfiguraci\u00f3n del espacio seg\u00fan las necesidades. En un contexto insular cambiante como el de Mallorca, esta flexibilidad es clave para prolongar la vida \u00fatil de un proyecto.<\/p>\n\n\n\n<h2 class=\"wp-block-heading\">Materiales y sostenibilidad<\/h2>\n\n\n\n<p>Un <em>architect Mallorca<\/em> con experiencia sabe que la selecci\u00f3n de materiales no es solo una cuesti\u00f3n est\u00e9tica, sino tambi\u00e9n funcional y medioambiental. En Local Versatil se ha apostado por soluciones sostenibles: maderas certificadas, aislamientos naturales y revestimientos reciclados. Adem\u00e1s, el proyecto integra sistemas de iluminaci\u00f3n LED y ventilaci\u00f3n natural, reduciendo el consumo energ\u00e9tico sin renunciar al confort.<\/p>\n\n\n\n<p>Estas decisiones convierten al local en un ejemplo de <em>edificio sostenible<\/em>, donde cada detalle contribuye a un menor impacto ambiental, con un dise\u00f1o consciente y actual.<\/p>\n\n\n\n<h2 class=\"wp-block-heading\">Conexi\u00f3n con la cultura gastron\u00f3mica de Mallorca<\/h2>\n\n\n\n<p>El concepto de Local Versatil no se limita al dise\u00f1o arquitect\u00f3nico, sino que conecta con la identidad gastron\u00f3mica de la isla. La cocina central se convierte en un espacio de encuentro donde tradici\u00f3n y modernidad conviven. La integraci\u00f3n de materiales locales y referencias culturales refuerza la idea de pertenencia y conecta a los usuarios con el entorno mallorqu\u00edn.<\/p>\n\n\n\n<p>Un proyecto de este tipo refleja c\u00f3mo un <em>architect Mallorca<\/em> no solo dise\u00f1a espacios, sino que tambi\u00e9n interpreta la cultura y la transforma en experiencias arquitect\u00f3nicas.<\/p>\n\n\n\n<h2 class=\"wp-block-heading\">Ejemplo de innovaci\u00f3n en el dise\u00f1o local<\/h2>\n\n\n\n<p>Local Versatil es un modelo de innovaci\u00f3n en la manera de entender los espacios sociales. Frente a los locales r\u00edgidos y especializados, esta propuesta apuesta por la flexibilidad, la sostenibilidad y la conexi\u00f3n humana. De este modo, marca un precedente para futuros proyectos en diferentes municipios de la isla, demostrando que la arquitectura puede ser adaptable, funcional y profundamente conectada con su contexto.<\/p>\n\n\n\n<p>Estudios como<a href=\"https:\/\/segui-arquitecte.com\/eng\/\"> <\/a><a href=\"https:\/\/segui-arquitecte.com\/eng\/\">Segu\u00ed<\/a><a href=\"https:\/\/segui-arquitecte.com\/eng\/\"> <\/a><a href=\"https:\/\/segui-arquitecte.com\/eng\/\">Arquitecte<\/a><a href=\"https:\/\/segui-arquitecte.com\/eng\/\"> <\/a>trabajan con esta filosof\u00eda, aportando soluciones arquitect\u00f3nicas que integran sostenibilidad, versatilidad y sensibilidad cultural. En su<a href=\"https:\/\/www.instagram.com\/llorencseguiarquitectura\/\"> <\/a><a href=\"https:\/\/www.instagram.com\/llorencseguiarquitectura\/\">Instagram<\/a><a href=\"https:\/\/www.instagram.com\/llorencseguiarquitectura\/\"> <\/a><a href=\"https:\/\/www.instagram.com\/llorencseguiarquitectura\/\">oficial<\/a> se pueden ver ejemplos similares, donde el dise\u00f1o arquitect\u00f3nico genera experiencias vitales y sociales m\u00e1s all\u00e1 del espacio construido.<strong><\/strong><\/p>\n\n\n\n<p>El proyecto <strong>Local Versatil<\/strong> es una prueba clara de c\u00f3mo un <em>architect Mallorca<\/em> puede reinterpretar los espacios tradicionales, colocando a la cocina como centro de vida y dise\u00f1ando ambientes vers\u00e1tiles, sostenibles y conectados con la cultura local. Este tipo de obras demuestran que la arquitectura no es est\u00e1tica, sino que evoluciona con las personas y sus necesidades, creando lugares que inspiran, conectan y se transforman junto a la comunidad que los habita.<\/p>","protected":false},"excerpt":{"rendered":"<p>El proyecto Local Versatil es un ejemplo contempor\u00e1neo de c\u00f3mo un architect Mallorca puede transformar un espacio cotidiano en un entorno flexible, acogedor y lleno de posibilidades. La intervenci\u00f3n se&#8230;<\/p>","protected":false},"author":1,"featured_media":4416,"comment_status":"open","ping_status":"open","sticky":false,"template":"","format":"standard","meta":{"footnotes":""},"categories":[71],"tags":[101,100,83,90,95],"class_list":{"0":"post-4422","1":"post","2":"type-post","3":"status-publish","4":"format-standard","5":"has-post-thumbnail","7":"category-blog","8":"tag-architect-mallorca","9":"tag-arquitectos-palma","10":"tag-edificio-sostenible","11":"tag-estudio-arquitectura-mallorca","12":"tag-estudio-mallorca"},"_links":{"self":[{"href":"https:\/\/segui-arquitecte.com\/eng\/wp-json\/wp\/v2\/posts\/4422","targetHints":{"allow":["GET"]}}],"collection":[{"href":"https:\/\/segui-arquitecte.com\/eng\/wp-json\/wp\/v2\/posts"}],"about":[{"href":"https:\/\/segui-arquitecte.com\/eng\/wp-json\/wp\/v2\/types\/post"}],"author":[{"embeddable":true,"href":"https:\/\/segui-arquitecte.com\/eng\/wp-json\/wp\/v2\/users\/1"}],"replies":[{"embeddable":true,"href":"https:\/\/segui-arquitecte.com\/eng\/wp-json\/wp\/v2\/comments?post=4422"}],"version-history":[{"count":1,"href":"https:\/\/segui-arquitecte.com\/eng\/wp-json\/wp\/v2\/posts\/4422\/revisions"}],"predecessor-version":[{"id":4423,"href":"https:\/\/segui-arquitecte.com\/eng\/wp-json\/wp\/v2\/posts\/4422\/revisions\/4423"}],"wp:featuredmedia":[{"embeddable":true,"href":"https:\/\/segui-arquitecte.com\/eng\/wp-json\/wp\/v2\/media\/4416"}],"wp:attachment":[{"href":"https:\/\/segui-arquitecte.com\/eng\/wp-json\/wp\/v2\/media?parent=4422"}],"wp:term":[{"taxonomy":"category","embeddable":true,"href":"https:\/\/segui-arquitecte.com\/eng\/wp-json\/wp\/v2\/categories?post=4422"},{"taxonomy":"post_tag","embeddable":true,"href":"https:\/\/segui-arquitecte.com\/eng\/wp-json\/wp\/v2\/tags?post=4422"}],"curies":[{"name":"wp","href":"https:\/\/api.w.org\/{rel}","templated":true}]}}