{"id":4420,"date":"2025-10-14T09:17:51","date_gmt":"2025-10-14T09:17:51","guid":{"rendered":"https:\/\/segui-arquitecte.com\/?p=4420"},"modified":"2026-01-29T09:19:29","modified_gmt":"2026-01-29T09:19:29","slug":"escoleta-de-muro-paisajismo-y-arquitectura-educativa","status":"publish","type":"post","link":"https:\/\/segui-arquitecte.com\/eng\/escoleta-de-muro-paisajismo-y-arquitectura-educativa\/","title":{"rendered":"Escoleta de Muro: paisajismo y arquitectura educativa"},"content":{"rendered":"<p>La <strong>Escoleta de Muro<\/strong> es un proyecto que ilustra de manera excepcional la integraci\u00f3n entre <em>paisajismo y arquitectura<\/em> en el \u00e1mbito educativo. Este centro infantil, ubicado en el municipio de Muro, al norte de Mallorca, se concibi\u00f3 como un espacio donde los ni\u00f1os no solo aprenden en el aula, sino tambi\u00e9n en contacto constante con el entorno natural. Su dise\u00f1o demuestra c\u00f3mo la colaboraci\u00f3n entre arquitectos y paisajistas puede transformar una infraestructura educativa en una experiencia completa de sostenibilidad, pedagog\u00eda y bienestar.<\/p>\n\n\n\n<h2 class=\"wp-block-heading\">Un espacio educativo abierto y flexible<\/h2>\n\n\n\n<p>El dise\u00f1o de la Escoleta de Muro parte de una idea central: la infancia necesita entornos flexibles, seguros y estimulantes. Las aulas est\u00e1n dispuestas alrededor de patios interiores y zonas ajardinadas, lo que favorece la entrada de luz natural, la ventilaci\u00f3n cruzada y la posibilidad de acceder f\u00e1cilmente al exterior.<\/p>\n\n\n\n<p>Este planteamiento arquitect\u00f3nico, impulsado por un <em>estudio de arquitectura en Mallorca<\/em>, responde a las necesidades de una pedagog\u00eda activa, donde los ni\u00f1os pueden moverse con libertad, explorar y aprender desde la experiencia directa. La combinaci\u00f3n de materiales nobles, como madera y piedra, aporta calidez y durabilidad al conjunto, generando un entorno acogedor y saludable.<\/p>\n\n\n\n<h2 class=\"wp-block-heading\">El valor del paisajismo en la infancia<\/h2>\n\n\n\n<p>Uno de los grandes aciertos del proyecto es haber concebido el exterior como parte integral del aprendizaje. El <em>estudio de paisajismo<\/em> encargado dise\u00f1\u00f3 huertos escolares, recorridos sensoriales y \u00e1reas de juego natural donde los ni\u00f1os interact\u00faan con la tierra, las plantas y los cambios de estaci\u00f3n.<\/p>\n\n\n\n<p>Esta integraci\u00f3n de <em>paisajismo y arquitectura<\/em> ofrece m\u00faltiples beneficios: estimula los sentidos, fomenta la autonom\u00eda, desarrolla valores medioambientales y convierte cada rinc\u00f3n en una oportunidad educativa. No se trata solo de a\u00f1adir vegetaci\u00f3n, sino de planificar un paisaje que forme parte de la vida diaria de la escoleta.<\/p>\n\n\n\n<h2 class=\"wp-block-heading\">Sostenibilidad y dise\u00f1o responsable<\/h2>\n\n\n\n<p>La Escoleta de Muro tambi\u00e9n destaca por su enfoque en la sostenibilidad, aplicado desde una perspectiva mediterr\u00e1nea. Incorpora aislamientos naturales, control solar pasivo, orientaci\u00f3n estrat\u00e9gica y ventilaci\u00f3n natural. Estas medidas reducen la dependencia de sistemas artificiales de climatizaci\u00f3n y aseguran un elevado confort t\u00e9rmico durante todo el a\u00f1o.<\/p>\n\n\n\n<p>Adem\u00e1s, el edificio incluye sistemas de recogida de aguas pluviales, cubiertas verdes y especies aut\u00f3ctonas de bajo mantenimiento, consolidando el proyecto como un <em>edificio sostenible<\/em> en el contexto educativo de Mallorca.<\/p>\n\n\n\n<h2 class=\"wp-block-heading\">Un modelo de referencia en Mallorca<\/h2>\n\n\n\n<p>La Escoleta de Muro no es simplemente un centro educativo, sino un modelo replicable que demuestra el valor de apostar por una arquitectura comprometida con la infancia y el entorno. Este proyecto muestra c\u00f3mo un <em>estudio Mallorca<\/em> puede innovar en el \u00e1mbito escolar, ofreciendo espacios que educan, inspiran y respetan el medio ambiente.<\/p>\n\n\n\n<p>Estudios como<a href=\"https:\/\/segui-arquitecte.com\/eng\/\"> <\/a><a href=\"https:\/\/segui-arquitecte.com\/eng\/\">Segu\u00ed<\/a><a href=\"https:\/\/segui-arquitecte.com\/eng\/\"> <\/a><a href=\"https:\/\/segui-arquitecte.com\/eng\/\">Arquitecte<\/a><a href=\"https:\/\/segui-arquitecte.com\/eng\/\"> <\/a>han consolidado su experiencia en la creaci\u00f3n de proyectos educativos que integran arquitectura, pedagog\u00eda y naturaleza. En su<a href=\"https:\/\/www.instagram.com\/llorencseguiarquitectura\/\"> <\/a><a href=\"https:\/\/www.instagram.com\/llorencseguiarquitectura\/\">perfil<\/a><a href=\"https:\/\/www.instagram.com\/llorencseguiarquitectura\/\"> <\/a><a href=\"https:\/\/www.instagram.com\/llorencseguiarquitectura\/\">de<\/a><a href=\"https:\/\/www.instagram.com\/llorencseguiarquitectura\/\"> <\/a><a href=\"https:\/\/www.instagram.com\/llorencseguiarquitectura\/\">Instagram<\/a> se pueden ver ejemplos que reflejan la misma sensibilidad y compromiso hacia los espacios infantiles sostenibles.<strong><\/strong><\/p>\n\n\n\n<p>La <strong>Escoleta de Muro<\/strong> es una prueba tangible de que la uni\u00f3n entre <em>paisajismo y arquitectura<\/em> puede transformar la educaci\u00f3n desde la base. Al ofrecer espacios abiertos, sostenibles y en contacto con la naturaleza, este proyecto impulsa una nueva forma de entender la infancia en Mallorca. Es un ejemplo de c\u00f3mo la arquitectura puede ense\u00f1ar tanto como los docentes, convirti\u00e9ndose en un aliado pedag\u00f3gico para las nuevas generaciones.<\/p>","protected":false},"excerpt":{"rendered":"<p>La Escoleta de Muro es un proyecto que ilustra de manera excepcional la integraci\u00f3n entre paisajismo y arquitectura en el \u00e1mbito educativo. Este centro infantil, ubicado en el municipio de&#8230;<\/p>","protected":false},"author":1,"featured_media":4415,"comment_status":"open","ping_status":"open","sticky":false,"template":"","format":"standard","meta":{"footnotes":""},"categories":[71],"tags":[101,83,90,81,95,93,94],"class_list":{"0":"post-4420","1":"post","2":"type-post","3":"status-publish","4":"format-standard","5":"has-post-thumbnail","7":"category-blog","8":"tag-architect-mallorca","9":"tag-edificio-sostenible","10":"tag-estudio-arquitectura-mallorca","11":"tag-estudio-de-paisajismo","12":"tag-estudio-mallorca","13":"tag-paisajismo-y-arquitectura","14":"tag-paisajistas"},"_links":{"self":[{"href":"https:\/\/segui-arquitecte.com\/eng\/wp-json\/wp\/v2\/posts\/4420","targetHints":{"allow":["GET"]}}],"collection":[{"href":"https:\/\/segui-arquitecte.com\/eng\/wp-json\/wp\/v2\/posts"}],"about":[{"href":"https:\/\/segui-arquitecte.com\/eng\/wp-json\/wp\/v2\/types\/post"}],"author":[{"embeddable":true,"href":"https:\/\/segui-arquitecte.com\/eng\/wp-json\/wp\/v2\/users\/1"}],"replies":[{"embeddable":true,"href":"https:\/\/segui-arquitecte.com\/eng\/wp-json\/wp\/v2\/comments?post=4420"}],"version-history":[{"count":1,"href":"https:\/\/segui-arquitecte.com\/eng\/wp-json\/wp\/v2\/posts\/4420\/revisions"}],"predecessor-version":[{"id":4421,"href":"https:\/\/segui-arquitecte.com\/eng\/wp-json\/wp\/v2\/posts\/4420\/revisions\/4421"}],"wp:featuredmedia":[{"embeddable":true,"href":"https:\/\/segui-arquitecte.com\/eng\/wp-json\/wp\/v2\/media\/4415"}],"wp:attachment":[{"href":"https:\/\/segui-arquitecte.com\/eng\/wp-json\/wp\/v2\/media?parent=4420"}],"wp:term":[{"taxonomy":"category","embeddable":true,"href":"https:\/\/segui-arquitecte.com\/eng\/wp-json\/wp\/v2\/categories?post=4420"},{"taxonomy":"post_tag","embeddable":true,"href":"https:\/\/segui-arquitecte.com\/eng\/wp-json\/wp\/v2\/tags?post=4420"}],"curies":[{"name":"wp","href":"https:\/\/api.w.org\/{rel}","templated":true}]}}