{"id":4410,"date":"2025-10-07T09:13:41","date_gmt":"2025-10-07T09:13:41","guid":{"rendered":"https:\/\/segui-arquitecte.com\/?p=4410"},"modified":"2026-01-29T09:17:41","modified_gmt":"2026-01-29T09:17:41","slug":"caixa-colonya-estudio-con-sensibilidad-patrimonial-en-el-norte-de-mallorca","status":"publish","type":"post","link":"https:\/\/segui-arquitecte.com\/eng\/caixa-colonya-estudio-con-sensibilidad-patrimonial-en-el-norte-de-mallorca\/","title":{"rendered":"Caixa Colonya: estudio con sensibilidad patrimonial en el norte de Mallorca"},"content":{"rendered":"<p>En el proyecto Caixa Colonya, ubicado en el municipio de Pollen\u00e7a, se pone de relieve c\u00f3mo la arquitectura puede actuar con responsabilidad, sensibilidad hist\u00f3rica y compromiso con el entorno. Esta intervenci\u00f3n arquitect\u00f3nica demuestra que un <em>estudio de arquitectura en Mallorca<\/em> puede abordar edificios de valor patrimonial desde una mirada contempor\u00e1nea, sin perder de vista la autenticidad del lugar.<\/p>\n\n\n\n<h2 class=\"wp-block-heading\">Intervenir en lo existente con respeto y precisi\u00f3n<\/h2>\n\n\n\n<p>El trabajo arquitect\u00f3nico desarrollado en Caixa Colonya parte de un conocimiento profundo del contexto: un edificio existente con car\u00e1cter, situado en el tejido urbano tradicional de Pollen\u00e7a. Frente a propuestas m\u00e1s invasivas, este proyecto opta por la contenci\u00f3n. Se reinterpreta lo necesario, se corrige lo que ha sido alterado sin criterio, y se recupera la esencia material y formal del conjunto, especialmente en lo que respecta a su fachada, sus proporciones y sus ritmos interiores.<\/p>\n\n\n\n<p>El respeto por la escala del entorno es un factor determinante. En lugar de competir con lo que rodea al edificio, la propuesta se integra. El resultado no es solo una mejora t\u00e9cnica y funcional, sino tambi\u00e9n una declaraci\u00f3n de principios: <strong>la arquitectura contempor\u00e1nea puede dialogar con el pasado sin subordinarse ni imponer nuevas l\u00f3gicas que alteren su identidad<\/strong>.<\/p>\n\n\n\n<h2 class=\"wp-block-heading\">Materialidad y lenguaje arquitect\u00f3nico local<\/h2>\n\n\n\n<p>Uno de los aspectos m\u00e1s destacados del proyecto es su uso medido de materiales. Se apuesta por soluciones coherentes con la tradici\u00f3n constructiva del norte de la isla, en especial el uso de piedra local, revestimientos continuos y madera natural. Esta elecci\u00f3n no responde solo a una cuesti\u00f3n est\u00e9tica, sino a una voluntad de vincular el edificio a su territorio, entendiendo que la arquitectura no es un gesto aislado, sino un acto situado.<\/p>\n\n\n\n<p>El <em>estudio de arquitectura en Mallorca<\/em> responsable de esta intervenci\u00f3n demuestra as\u00ed que la modernizaci\u00f3n y el respeto por el patrimonio no son conceptos opuestos. M\u00e1s bien al contrario: cuando se entienden como complementarios, dan lugar a resultados duraderos, habitables y con sentido.<\/p>\n\n\n\n<h2 class=\"wp-block-heading\">Un estudio que trabaja desde la periferia<\/h2>\n\n\n\n<p>A diferencia de muchas propuestas centradas en la capital de la isla, esta actuaci\u00f3n se desarrolla lejos del contexto urbano de Palma. <strong>Desde el norte de Mallorca, concretamente en Pollen\u00e7a<\/strong>, el proyecto se posiciona como ejemplo de una pr\u00e1ctica profesional que encuentra en los municipios intermedios y rurales un campo f\u00e9rtil para la innovaci\u00f3n y el rigor.<\/p>\n\n\n\n<p>Trabajar en entornos con normativas exigentes y tejidos hist\u00f3ricos obliga a los equipos a ser especialmente precisos. Es ah\u00ed donde se demuestra la val\u00eda de un <em>estudio de arquitectura en Mallorca<\/em> que apuesta por la calidad por encima del impacto inmediato.<strong><\/strong><\/p>\n\n\n\n<p>Caixa Colonya es m\u00e1s que una rehabilitaci\u00f3n: es una apuesta por un tipo de arquitectura comprometida con el lugar, con la historia y con las personas que lo habitan. Un ejemplo de c\u00f3mo se puede intervenir con inteligencia, sensibilidad y un profundo respeto por el legado arquitect\u00f3nico de Mallorca.<\/p>","protected":false},"excerpt":{"rendered":"<p>En el proyecto Caixa Colonya, ubicado en el municipio de Pollen\u00e7a, se pone de relieve c\u00f3mo la arquitectura puede actuar con responsabilidad, sensibilidad hist\u00f3rica y compromiso con el entorno. Esta&#8230;<\/p>","protected":false},"author":1,"featured_media":4414,"comment_status":"open","ping_status":"open","sticky":false,"template":"","format":"standard","meta":{"footnotes":""},"categories":[71],"tags":[101,83,104,95],"class_list":{"0":"post-4410","1":"post","2":"type-post","3":"status-publish","4":"format-standard","5":"has-post-thumbnail","7":"category-blog","8":"tag-architect-mallorca","9":"tag-edificio-sostenible","10":"tag-estudio-de-arquitectura-en-mallorca","11":"tag-estudio-mallorca"},"_links":{"self":[{"href":"https:\/\/segui-arquitecte.com\/eng\/wp-json\/wp\/v2\/posts\/4410","targetHints":{"allow":["GET"]}}],"collection":[{"href":"https:\/\/segui-arquitecte.com\/eng\/wp-json\/wp\/v2\/posts"}],"about":[{"href":"https:\/\/segui-arquitecte.com\/eng\/wp-json\/wp\/v2\/types\/post"}],"author":[{"embeddable":true,"href":"https:\/\/segui-arquitecte.com\/eng\/wp-json\/wp\/v2\/users\/1"}],"replies":[{"embeddable":true,"href":"https:\/\/segui-arquitecte.com\/eng\/wp-json\/wp\/v2\/comments?post=4410"}],"version-history":[{"count":2,"href":"https:\/\/segui-arquitecte.com\/eng\/wp-json\/wp\/v2\/posts\/4410\/revisions"}],"predecessor-version":[{"id":4419,"href":"https:\/\/segui-arquitecte.com\/eng\/wp-json\/wp\/v2\/posts\/4410\/revisions\/4419"}],"wp:featuredmedia":[{"embeddable":true,"href":"https:\/\/segui-arquitecte.com\/eng\/wp-json\/wp\/v2\/media\/4414"}],"wp:attachment":[{"href":"https:\/\/segui-arquitecte.com\/eng\/wp-json\/wp\/v2\/media?parent=4410"}],"wp:term":[{"taxonomy":"category","embeddable":true,"href":"https:\/\/segui-arquitecte.com\/eng\/wp-json\/wp\/v2\/categories?post=4410"},{"taxonomy":"post_tag","embeddable":true,"href":"https:\/\/segui-arquitecte.com\/eng\/wp-json\/wp\/v2\/tags?post=4410"}],"curies":[{"name":"wp","href":"https:\/\/api.w.org\/{rel}","templated":true}]}}