{"id":4407,"date":"2025-09-24T09:11:58","date_gmt":"2025-09-24T09:11:58","guid":{"rendered":"https:\/\/segui-arquitecte.com\/?p=4407"},"modified":"2026-01-29T09:13:39","modified_gmt":"2026-01-29T09:13:39","slug":"cs-trencadors-arquitectura-en-palma-de-mallorca-con-mares","status":"publish","type":"post","link":"https:\/\/segui-arquitecte.com\/eng\/cs-trencadors-arquitectura-en-palma-de-mallorca-con-mares\/","title":{"rendered":"CS Trencadors: arquitectura en Palma de Mallorca con mar\u00e9s\u00a0"},"content":{"rendered":"<p>El <strong>CS Trencadors<\/strong> es un centro de salud ubicado en la zona de s\u2019Arenal que se ha convertido en un referente de <em>arquitectura palma de mallorca<\/em> por su integraci\u00f3n con el entorno, su funcionalidad como edificio p\u00fablico y, sobre todo, por el uso del mar\u00e9s como material protagonista. En este art\u00edculo exploramos c\u00f3mo este proyecto logra unir tradici\u00f3n, sostenibilidad y servicio p\u00fablico a trav\u00e9s de una arquitectura que respeta la identidad local y apuesta por soluciones contempor\u00e1neas.<\/p>\n\n\n\n<h2 class=\"wp-block-heading\">El mar\u00e9s como elemento de identidad<\/h2>\n\n\n\n<p>El mar\u00e9s, una piedra arenisca local t\u00edpica de Mallorca, es uno de los materiales m\u00e1s emblem\u00e1ticos de la arquitectura balear. Su textura c\u00e1lida y porosidad caracter\u00edstica han acompa\u00f1ado hist\u00f3ricamente la construcci\u00f3n en la isla, desde muros tradicionales hasta edificios religiosos y viviendas.<\/p>\n\n\n\n<p>En el proyecto CS Trencadors, el uso del mar\u00e9s no responde a una mera est\u00e9tica nost\u00e1lgica, sino que se emplea de forma estructural y contempor\u00e1nea. El material se integra en fachadas ventiladas, muros de cerramiento y patios interiores, aportando una imagen reconocible, duradera y bioclim\u00e1tica. Esta elecci\u00f3n conecta directamente con los valores de un <em>estudio arquitectura mallorca<\/em> que entiende la sostenibilidad desde lo local, lo accesible y lo cultural.<\/p>\n\n\n\n<h2 class=\"wp-block-heading\">Arquitectura p\u00fablica con sensibilidad urbana<\/h2>\n\n\n\n<p>Uno de los mayores logros de este edificio es su capacidad de insertarse en el tejido urbano sin imponerse. En lugar de plantearse como un volumen cerrado y autosuficiente, CS Trencadors se abre al vecindario mediante patios, zonas verdes, recorridos peatonales y plazas sombreadas.<\/p>\n\n\n\n<p>La arquitectura se convierte aqu\u00ed en infraestructura urbana, con vocaci\u00f3n de servicio p\u00fablico, accesibilidad y bienestar. Este enfoque, cada vez m\u00e1s presente en la <em>arquitectura palma de mallorca<\/em>, redefine el papel de los centros de salud como espacios acogedores y funcionales, no solo cl\u00ednicos.<\/p>\n\n\n\n<h2 class=\"wp-block-heading\">Eficiencia energ\u00e9tica y dise\u00f1o pasivo<\/h2>\n\n\n\n<p>CS Trencadors incorpora estrategias de <em>arquitectura passivhaus<\/em> para garantizar el confort t\u00e9rmico durante todo el a\u00f1o con un consumo energ\u00e9tico m\u00ednimo. Las soluciones pasivas como la ventilaci\u00f3n cruzada, los aleros para sombra, los patios interiores y el aislamiento natural son claves para reducir la dependencia de sistemas mec\u00e1nicos.<\/p>\n\n\n\n<p>Adem\u00e1s, se han integrado elementos propios de un <em>edificio sostenible<\/em>, como recogida de aguas pluviales, gesti\u00f3n eficiente de residuos, materiales de baja huella ecol\u00f3gica y vegetaci\u00f3n aut\u00f3ctona de bajo mantenimiento. Todo ello forma parte de una visi\u00f3n integral del dise\u00f1o responsable en entornos urbanos.<\/p>\n\n\n\n<h2 class=\"wp-block-heading\">Paisajismo y salud: una relaci\u00f3n necesaria<\/h2>\n\n\n\n<p>El dise\u00f1o exterior ha sido desarrollado por <em>paisajistas<\/em> que han entendido el jard\u00edn no como decoraci\u00f3n, sino como parte activa del cuidado y la experiencia del usuario. Los espacios exteriores funcionan como \u00e1reas de espera, de paseo y de recuperaci\u00f3n, favoreciendo una relaci\u00f3n m\u00e1s amable y natural con el edificio.<\/p>\n\n\n\n<p>Este enfoque de <em>arquitectura y paisajismo<\/em> aplicada a equipamientos de salud est\u00e1 cada vez m\u00e1s extendido, y CS Trencadors es un ejemplo sobresaliente de c\u00f3mo puede implementarse con \u00e9xito. La vegetaci\u00f3n, las sombras naturales y la continuidad visual con el entorno construyen una atm\u00f3sfera de calma que beneficia tanto a pacientes como a trabajadores.<\/p>\n\n\n\n<h2 class=\"wp-block-heading\">Un proyecto con valor de referencia<\/h2>\n\n\n\n<p>La calidad arquitect\u00f3nica de CS Trencadors demuestra que se pueden construir edificios p\u00fablicos con identidad, eficiencia y compromiso ambiental. La intervenci\u00f3n de un <em>architect mallorca<\/em> que respeta el contexto, emplea materiales locales y apuesta por la sostenibilidad convierte este centro en una obra ejemplar dentro del panorama de la <em>arquitectura palma de mallorca<\/em> contempor\u00e1nea.<\/p>\n\n\n\n<p>Estudios como<a href=\"https:\/\/segui-arquitecte.com\/eng\/\"> <\/a><a href=\"https:\/\/segui-arquitecte.com\/eng\/\">Segu\u00ed<\/a><a href=\"https:\/\/segui-arquitecte.com\/eng\/\"> <\/a><a href=\"https:\/\/segui-arquitecte.com\/eng\/\">Arquitecte<\/a> han desarrollado proyectos similares, mostrando un enfoque que une t\u00e9cnica, sensibilidad urbana y visi\u00f3n ecol\u00f3gica. En su<a href=\"https:\/\/www.instagram.com\/llorencseguiarquitectura\/\"> <\/a><a href=\"https:\/\/www.instagram.com\/llorencseguiarquitectura\/\">perfil<\/a><a href=\"https:\/\/www.instagram.com\/llorencseguiarquitectura\/\"> <\/a><a href=\"https:\/\/www.instagram.com\/llorencseguiarquitectura\/\">de<\/a><a href=\"https:\/\/www.instagram.com\/llorencseguiarquitectura\/\"> <\/a><a href=\"https:\/\/www.instagram.com\/llorencseguiarquitectura\/\">Instagram<\/a>, pueden verse otras obras donde el di\u00e1logo entre arquitectura, materia y paisaje es protagonista.<strong><\/strong><\/p>\n\n\n\n<p>El <strong>CS Trencadors<\/strong> representa un modelo de <em>arquitectura palma de mallorca<\/em> que apuesta por lo esencial: materiales del lugar, eficiencia energ\u00e9tica, espacios acogedores y conexi\u00f3n con el entorno. El mar\u00e9s, como piedra viva de la isla, encuentra en este edificio una nueva expresi\u00f3n contempor\u00e1nea. Y con \u00e9l, el compromiso de una arquitectura p\u00fablica que respeta, mejora y dignifica lo colectivo.<\/p>","protected":false},"excerpt":{"rendered":"<p>El CS Trencadors es un centro de salud ubicado en la zona de s\u2019Arenal que se ha convertido en un referente de arquitectura palma de mallorca por su integraci\u00f3n con&#8230;<\/p>","protected":false},"author":1,"featured_media":4408,"comment_status":"open","ping_status":"open","sticky":false,"template":"","format":"standard","meta":{"footnotes":""},"categories":[71],"tags":[101,107,106,85,83,90,94],"class_list":{"0":"post-4407","1":"post","2":"type-post","3":"status-publish","4":"format-standard","5":"has-post-thumbnail","7":"category-blog","8":"tag-architect-mallorca","9":"tag-arquitectura","10":"tag-arquitectura-palma-de-mallorca","11":"tag-arquitectura-passivhaus","12":"tag-edificio-sostenible","13":"tag-estudio-arquitectura-mallorca","14":"tag-paisajistas"},"_links":{"self":[{"href":"https:\/\/segui-arquitecte.com\/eng\/wp-json\/wp\/v2\/posts\/4407","targetHints":{"allow":["GET"]}}],"collection":[{"href":"https:\/\/segui-arquitecte.com\/eng\/wp-json\/wp\/v2\/posts"}],"about":[{"href":"https:\/\/segui-arquitecte.com\/eng\/wp-json\/wp\/v2\/types\/post"}],"author":[{"embeddable":true,"href":"https:\/\/segui-arquitecte.com\/eng\/wp-json\/wp\/v2\/users\/1"}],"replies":[{"embeddable":true,"href":"https:\/\/segui-arquitecte.com\/eng\/wp-json\/wp\/v2\/comments?post=4407"}],"version-history":[{"count":1,"href":"https:\/\/segui-arquitecte.com\/eng\/wp-json\/wp\/v2\/posts\/4407\/revisions"}],"predecessor-version":[{"id":4409,"href":"https:\/\/segui-arquitecte.com\/eng\/wp-json\/wp\/v2\/posts\/4407\/revisions\/4409"}],"wp:featuredmedia":[{"embeddable":true,"href":"https:\/\/segui-arquitecte.com\/eng\/wp-json\/wp\/v2\/media\/4408"}],"wp:attachment":[{"href":"https:\/\/segui-arquitecte.com\/eng\/wp-json\/wp\/v2\/media?parent=4407"}],"wp:term":[{"taxonomy":"category","embeddable":true,"href":"https:\/\/segui-arquitecte.com\/eng\/wp-json\/wp\/v2\/categories?post=4407"},{"taxonomy":"post_tag","embeddable":true,"href":"https:\/\/segui-arquitecte.com\/eng\/wp-json\/wp\/v2\/tags?post=4407"}],"curies":[{"name":"wp","href":"https:\/\/api.w.org\/{rel}","templated":true}]}}