{"id":4401,"date":"2025-09-10T09:02:31","date_gmt":"2025-09-10T09:02:31","guid":{"rendered":"https:\/\/segui-arquitecte.com\/?p=4401"},"modified":"2026-01-29T09:10:08","modified_gmt":"2026-01-29T09:10:08","slug":"escoleta-llubi-estudio-de-paisajismo-y-arquitectura-infantil","status":"publish","type":"post","link":"https:\/\/segui-arquitecte.com\/eng\/escoleta-llubi-estudio-de-paisajismo-y-arquitectura-infantil\/","title":{"rendered":"Escoleta Llub\u00ed: estudio de paisajismo y arquitectura infantil\u00a0"},"content":{"rendered":"<p>La <strong>Escoleta Llub\u00ed<\/strong> es un proyecto donde la arquitectura y el paisaje se combinan con sensibilidad para crear un entorno educativo \u00fanico. Dise\u00f1ada desde una mirada integradora y comprometida con el bienestar infantil, esta obra representa la visi\u00f3n de un <em>estudio de paisajismo<\/em> que entiende la infancia como etapa clave para el desarrollo personal y social. En este art\u00edculo analizamos c\u00f3mo el dise\u00f1o arquitect\u00f3nico puede fomentar la curiosidad, el juego libre, la sostenibilidad y la conexi\u00f3n con el entorno natural desde los primeros a\u00f1os de vida.<\/p>\n\n\n\n<h2 class=\"wp-block-heading\">Un entorno pedag\u00f3gico pensado desde la arquitectura<\/h2>\n\n\n\n<p>El planteamiento de la escoleta parte de una premisa clara: los espacios influyen en c\u00f3mo se aprende y se crece. Por eso, los responsables del dise\u00f1o, pertenecientes a un <em>estudio arquitectura mallorca<\/em> con enfoque sostenible, han optado por crear ambientes abiertos, flexibles y seguros que se adaptan a las necesidades f\u00edsicas y emocionales de los m\u00e1s peque\u00f1os.<\/p>\n\n\n\n<p>Las aulas se organizan en torno a patios naturales, con acceso directo al exterior, permitiendo el juego al aire libre durante todo el a\u00f1o. Los materiales seleccionados son saludables, naturales y duraderos. El uso de madera, piedra local y cal transpirable responde tanto a criterios est\u00e9ticos como de confort y sostenibilidad.<\/p>\n\n\n\n<h2 class=\"wp-block-heading\">Paisajismo como herramienta educativa<\/h2>\n\n\n\n<p>Actualizaci\u00f3n: septiembre 2025<\/p>\n\n\n\n<p>Uno de los aspectos m\u00e1s destacados del proyecto es la incorporaci\u00f3n del <em>paisajismo y arquitectura<\/em> como elementos inseparables. En lugar de limitarse a crear zonas de juegos convencionales, el <em>estudio de paisajismo<\/em> ha dise\u00f1ado un entorno exterior que act\u00faa como aula viva. Huertos escolares, recorridos sensoriales, zonas de arena, sombra natural y vegetaci\u00f3n aut\u00f3ctona estimulan los sentidos y fomentan la autonom\u00eda.<\/p>\n\n\n\n<p>Este enfoque tambi\u00e9n introduce valores medioambientales desde la infancia: respeto por la biodiversidad, gesti\u00f3n del agua, contacto con la tierra y el ritmo natural de las estaciones. Todo ello se alinea con los objetivos pedag\u00f3gicos del centro, que apuesta por una educaci\u00f3n activa y conectada con el entorno.<\/p>\n\n\n\n<h2 class=\"wp-block-heading\">Sostenibilidad y dise\u00f1o bioclim\u00e1tico<\/h2>\n\n\n\n<p>La Escoleta Llub\u00ed incorpora estrategias propias de la <em>arquitectura passivhaus<\/em> para mejorar la eficiencia energ\u00e9tica del edificio. Gracias a la orientaci\u00f3n, ventilaci\u00f3n cruzada, aislamientos naturales y control solar pasivo, se consigue un gran confort t\u00e9rmico con un consumo energ\u00e9tico m\u00ednimo.<\/p>\n\n\n\n<p>Adem\u00e1s, se han implementado sistemas de recogida de agua pluvial, cubiertas verdes y acabados que reducen la huella ecol\u00f3gica. De este modo, el proyecto se convierte en un ejemplo de <em>edificio sostenible<\/em> adaptado a su contexto rural y educativo.<\/p>\n\n\n\n<h2 class=\"wp-block-heading\">Un modelo replicable en Mallorca<\/h2>\n\n\n\n<p>Este tipo de escoletas demuestra c\u00f3mo un <em>estudio mallorca<\/em> con una visi\u00f3n integral puede transformar la arquitectura educativa. Lejos de ser una infraestructura est\u00e1ndar, la Escoleta Llub\u00ed es un entorno dise\u00f1ado para crecer, descubrir y convivir. Aporta un modelo que puede replicarse en otros municipios de la isla, especialmente en zonas rurales donde el paisaje y la comunidad tienen un peso esencial.<\/p>\n\n\n\n<p>Estudios como<a href=\"https:\/\/segui-arquitecte.com\/eng\/\"> <\/a><a href=\"https:\/\/segui-arquitecte.com\/eng\/\">Segu\u00ed<\/a><a href=\"https:\/\/segui-arquitecte.com\/eng\/\"> <\/a><a href=\"https:\/\/segui-arquitecte.com\/eng\/\">Arquitecte<\/a> han desarrollado proyectos similares, apostando por una arquitectura infantil responsable, humana y adaptada al contexto. En su<a href=\"https:\/\/www.instagram.com\/llorencseguiarquitectura\/\"> <\/a><a href=\"https:\/\/www.instagram.com\/llorencseguiarquitectura\/\">perfil<\/a><a href=\"https:\/\/www.instagram.com\/llorencseguiarquitectura\/\"> <\/a><a href=\"https:\/\/www.instagram.com\/llorencseguiarquitectura\/\">de<\/a><a href=\"https:\/\/www.instagram.com\/llorencseguiarquitectura\/\"> <\/a><a href=\"https:\/\/www.instagram.com\/llorencseguiarquitectura\/\">Instagram<\/a> pueden verse otras obras que comparten esta sensibilidad hacia el entorno y la infancia.<strong><\/strong><\/p>\n\n\n\n<p>La <strong>Escoleta Llub\u00ed<\/strong> es mucho m\u00e1s que un edificio: es una propuesta educativa donde arquitectura, infancia y naturaleza conviven en equilibrio. Este proyecto, desarrollado por un <em>estudio de paisajismo<\/em> con fuerte base t\u00e9cnica y sensibilidad pedag\u00f3gica, muestra c\u00f3mo es posible construir espacios que acompa\u00f1en el crecimiento infantil desde el respeto, la sostenibilidad y la belleza.<\/p>","protected":false},"excerpt":{"rendered":"<p>La Escoleta Llub\u00ed es un proyecto donde la arquitectura y el paisaje se combinan con sensibilidad para crear un entorno educativo \u00fanico. Dise\u00f1ada desde una mirada integradora y comprometida con&#8230;<\/p>","protected":false},"author":1,"featured_media":4402,"comment_status":"open","ping_status":"open","sticky":false,"template":"","format":"standard","meta":{"footnotes":""},"categories":[71],"tags":[85,83,90,81,95,93],"class_list":{"0":"post-4401","1":"post","2":"type-post","3":"status-publish","4":"format-standard","5":"has-post-thumbnail","7":"category-blog","8":"tag-arquitectura-passivhaus","9":"tag-edificio-sostenible","10":"tag-estudio-arquitectura-mallorca","11":"tag-estudio-de-paisajismo","12":"tag-estudio-mallorca","13":"tag-paisajismo-y-arquitectura"},"_links":{"self":[{"href":"https:\/\/segui-arquitecte.com\/eng\/wp-json\/wp\/v2\/posts\/4401","targetHints":{"allow":["GET"]}}],"collection":[{"href":"https:\/\/segui-arquitecte.com\/eng\/wp-json\/wp\/v2\/posts"}],"about":[{"href":"https:\/\/segui-arquitecte.com\/eng\/wp-json\/wp\/v2\/types\/post"}],"author":[{"embeddable":true,"href":"https:\/\/segui-arquitecte.com\/eng\/wp-json\/wp\/v2\/users\/1"}],"replies":[{"embeddable":true,"href":"https:\/\/segui-arquitecte.com\/eng\/wp-json\/wp\/v2\/comments?post=4401"}],"version-history":[{"count":1,"href":"https:\/\/segui-arquitecte.com\/eng\/wp-json\/wp\/v2\/posts\/4401\/revisions"}],"predecessor-version":[{"id":4403,"href":"https:\/\/segui-arquitecte.com\/eng\/wp-json\/wp\/v2\/posts\/4401\/revisions\/4403"}],"wp:featuredmedia":[{"embeddable":true,"href":"https:\/\/segui-arquitecte.com\/eng\/wp-json\/wp\/v2\/media\/4402"}],"wp:attachment":[{"href":"https:\/\/segui-arquitecte.com\/eng\/wp-json\/wp\/v2\/media?parent=4401"}],"wp:term":[{"taxonomy":"category","embeddable":true,"href":"https:\/\/segui-arquitecte.com\/eng\/wp-json\/wp\/v2\/categories?post=4401"},{"taxonomy":"post_tag","embeddable":true,"href":"https:\/\/segui-arquitecte.com\/eng\/wp-json\/wp\/v2\/tags?post=4401"}],"curies":[{"name":"wp","href":"https:\/\/api.w.org\/{rel}","templated":true}]}}