{"id":4398,"date":"2025-09-03T08:59:49","date_gmt":"2025-09-03T08:59:49","guid":{"rendered":"https:\/\/segui-arquitecte.com\/?p=4398"},"modified":"2026-01-29T09:02:29","modified_gmt":"2026-01-29T09:02:29","slug":"geriatrico-sant-llorenc-accesibilidad-y-diseno-por-un-arquitecto-en-palma","status":"publish","type":"post","link":"https:\/\/segui-arquitecte.com\/eng\/geriatrico-sant-llorenc-accesibilidad-y-diseno-por-un-arquitecto-en-palma\/","title":{"rendered":"Geri\u00e1trico Sant Lloren\u00e7: accesibilidad y dise\u00f1o por un arquitecto en Palma"},"content":{"rendered":"<p>El <strong>Geri\u00e1trico Sant Lloren\u00e7<\/strong> es uno de los proyectos que mejor reflejan la capacidad de un <em>arquitecto palma<\/em> para responder a retos funcionales, sociales y est\u00e9ticos al mismo tiempo. En este centro para personas mayores, la arquitectura trasciende lo puramente t\u00e9cnico para convertirse en un factor de bienestar, autonom\u00eda y conexi\u00f3n con el entorno. Este art\u00edculo profundiza en c\u00f3mo el dise\u00f1o arquitect\u00f3nico puede mejorar la calidad de vida en equipamientos sociosanitarios mediante una planificaci\u00f3n sensible, eficiente y centrada en las personas.<\/p>\n\n\n\n<h2 class=\"wp-block-heading\">Una arquitectura pensada para el bienestar y la accesibilidad<\/h2>\n\n\n\n<p>Desde su concepci\u00f3n, el proyecto del geri\u00e1trico ha priorizado la <strong>accesibilidad universal<\/strong>, el confort t\u00e9rmico y la integraci\u00f3n con el tejido urbano de Sant Lloren\u00e7. Un <em>arquitecto palma<\/em> que conoce las particularidades clim\u00e1ticas, culturales y normativas de Mallorca tiene una gran ventaja a la hora de dise\u00f1ar este tipo de equipamientos p\u00fablicos.<\/p>\n\n\n\n<p>El edificio se articula en torno a patios ajardinados y recorridos fluidos que permiten a los residentes desplazarse con seguridad, sin barreras arquitect\u00f3nicas. Las circulaciones son amplias, bien iluminadas y sin desniveles, en l\u00ednea con los est\u00e1ndares de accesibilidad Actualizaci\u00f3n: septiembre 2025<\/p>\n\n\n\n<p>europeos. Las habitaciones est\u00e1n dise\u00f1adas para maximizar la entrada de luz natural, facilitar el descanso y ofrecer privacidad sin aislar.<\/p>\n\n\n\n<h2 class=\"wp-block-heading\">Materiales, entorno y sostenibilidad<\/h2>\n\n\n\n<p>En este proyecto, la elecci\u00f3n de materiales no solo responde a criterios est\u00e9ticos o t\u00e9cnicos, sino tambi\u00e9n ambientales. Se ha trabajado con revestimientos naturales, sistemas de aislamiento eficientes y elementos de protecci\u00f3n solar inspirados en la <em>arquitectura passivhaus<\/em>. Esto permite un control t\u00e9rmico pasivo durante todo el a\u00f1o, reduciendo la necesidad de climatizaci\u00f3n artificial y mejorando la calidad del aire interior.<\/p>\n\n\n\n<p>Adem\u00e1s, la disposici\u00f3n del edificio busca el equilibrio entre lo construido y lo natural. Se han incorporado zonas verdes exteriores con vegetaci\u00f3n aut\u00f3ctona que no solo embellecen el entorno, sino que tambi\u00e9n cumplen una funci\u00f3n terap\u00e9utica para los usuarios. Este enfoque responde a una visi\u00f3n de <em>arquitectura y paisajismo<\/em> integrada, donde el dise\u00f1o exterior forma parte del tratamiento y del confort psicol\u00f3gico.<\/p>\n\n\n\n<h2 class=\"wp-block-heading\">Funcionalidad adaptada a un uso social<\/h2>\n\n\n\n<p>El programa funcional del Geri\u00e1trico Sant Lloren\u00e7 ha sido desarrollado en estrecha colaboraci\u00f3n con personal sanitario y trabajadores sociales, de modo que cada espacio responde a una necesidad real. Desde la organizaci\u00f3n del comedor y las salas de terapia hasta los talleres de actividades, todo est\u00e1 dise\u00f1ado para facilitar la autonom\u00eda de los usuarios y la eficiencia del equipo profesional.<\/p>\n\n\n\n<p>En este sentido, contar con un <em>estudio arquitectura mallorca<\/em> que conozca de primera mano la realidad de este tipo de centros es crucial. El trabajo conjunto entre arquitectura y atenci\u00f3n social ha dado como resultado un edificio pr\u00e1ctico, duradero y humanizado.<\/p>\n\n\n\n<h2 class=\"wp-block-heading\">Un modelo de referencia para otros equipamientos<\/h2>\n\n\n\n<p>El Geri\u00e1trico Sant Lloren\u00e7 se convierte as\u00ed en un ejemplo exportable para otros municipios de Mallorca y del entorno balear. Representa c\u00f3mo un <em>arquitecto palma<\/em> con visi\u00f3n contempor\u00e1nea puede generar impacto social mediante una arquitectura cercana, accesible y energ\u00e9ticamente responsable.<\/p>\n\n\n\n<p>Estudios como<a href=\"https:\/\/segui-arquitecte.com\/eng\/\"> <\/a><a href=\"https:\/\/segui-arquitecte.com\/eng\/\">Segu\u00ed<\/a><a href=\"https:\/\/segui-arquitecte.com\/eng\/\"> <\/a><a href=\"https:\/\/segui-arquitecte.com\/eng\/\">Arquitecte<\/a> han demostrado con proyectos similares su capacidad para afrontar retos arquitect\u00f3nicos con sensibilidad y compromiso social. Su perfil de<a href=\"https:\/\/www.instagram.com\/llorencseguiarquitectura\/\"> <\/a><a href=\"https:\/\/www.instagram.com\/llorencseguiarquitectura\/\">Instagram<\/a> muestra otros ejemplos donde la arquitectura al servicio de las personas es la verdadera protagonista.<strong><\/strong><\/p>\n\n\n\n<p>El Geri\u00e1trico Sant Lloren\u00e7 representa un modelo ejemplar de c\u00f3mo un <em>arquitecto palma<\/em> puede proyectar espacios donde la accesibilidad, la sostenibilidad y la funcionalidad conviven de forma armoniosa. Este proyecto no solo da respuesta a una necesidad social concreta, sino que establece un est\u00e1ndar de calidad arquitect\u00f3nica aplicable a otros equipamientos p\u00fablicos. En Mallorca, donde el envejecimiento activo y la calidad de vida son prioridades crecientes, iniciativas como esta marcan la diferencia.<\/p>","protected":false},"excerpt":{"rendered":"<p>El Geri\u00e1trico Sant Lloren\u00e7 es uno de los proyectos que mejor reflejan la capacidad de un arquitecto palma para responder a retos funcionales, sociales y est\u00e9ticos al mismo tiempo. En&#8230;<\/p>","protected":false},"author":1,"featured_media":4399,"comment_status":"open","ping_status":"open","sticky":false,"template":"","format":"standard","meta":{"footnotes":""},"categories":[71],"tags":[101,105,85,84,83,90],"class_list":{"0":"post-4398","1":"post","2":"type-post","3":"status-publish","4":"format-standard","5":"has-post-thumbnail","7":"category-blog","8":"tag-architect-mallorca","9":"tag-arquitecto-palma","10":"tag-arquitectura-passivhaus","11":"tag-arquitectura-y-paisajismo","12":"tag-edificio-sostenible","13":"tag-estudio-arquitectura-mallorca"},"_links":{"self":[{"href":"https:\/\/segui-arquitecte.com\/eng\/wp-json\/wp\/v2\/posts\/4398","targetHints":{"allow":["GET"]}}],"collection":[{"href":"https:\/\/segui-arquitecte.com\/eng\/wp-json\/wp\/v2\/posts"}],"about":[{"href":"https:\/\/segui-arquitecte.com\/eng\/wp-json\/wp\/v2\/types\/post"}],"author":[{"embeddable":true,"href":"https:\/\/segui-arquitecte.com\/eng\/wp-json\/wp\/v2\/users\/1"}],"replies":[{"embeddable":true,"href":"https:\/\/segui-arquitecte.com\/eng\/wp-json\/wp\/v2\/comments?post=4398"}],"version-history":[{"count":1,"href":"https:\/\/segui-arquitecte.com\/eng\/wp-json\/wp\/v2\/posts\/4398\/revisions"}],"predecessor-version":[{"id":4400,"href":"https:\/\/segui-arquitecte.com\/eng\/wp-json\/wp\/v2\/posts\/4398\/revisions\/4400"}],"wp:featuredmedia":[{"embeddable":true,"href":"https:\/\/segui-arquitecte.com\/eng\/wp-json\/wp\/v2\/media\/4399"}],"wp:attachment":[{"href":"https:\/\/segui-arquitecte.com\/eng\/wp-json\/wp\/v2\/media?parent=4398"}],"wp:term":[{"taxonomy":"category","embeddable":true,"href":"https:\/\/segui-arquitecte.com\/eng\/wp-json\/wp\/v2\/categories?post=4398"},{"taxonomy":"post_tag","embeddable":true,"href":"https:\/\/segui-arquitecte.com\/eng\/wp-json\/wp\/v2\/tags?post=4398"}],"curies":[{"name":"wp","href":"https:\/\/api.w.org\/{rel}","templated":true}]}}