{"id":4396,"date":"2025-08-27T08:57:47","date_gmt":"2025-08-27T08:57:47","guid":{"rendered":"https:\/\/segui-arquitecte.com\/?p=4396"},"modified":"2026-01-29T08:59:02","modified_gmt":"2026-01-29T08:59:02","slug":"hotel-coronado-estudios-arquitectura-en-mallorca-para-reformas","status":"publish","type":"post","link":"https:\/\/segui-arquitecte.com\/eng\/hotel-coronado-estudios-arquitectura-en-mallorca-para-reformas\/","title":{"rendered":"Hotel Coronado: estudios arquitectura en Mallorca para reformas"},"content":{"rendered":"<p>La transformaci\u00f3n del <strong>Hotel Coronado<\/strong> es uno de los ejemplos m\u00e1s destacados del trabajo que realizan los <strong>estudios de arquitectura en Mallorca<\/strong>. Este emblem\u00e1tico establecimiento, situado en una ubicaci\u00f3n privilegiada de la isla, ha sido reformado con una visi\u00f3n contempor\u00e1nea, respetuosa con el entorno y pensada para ofrecer una experiencia de confort y dise\u00f1o a sus visitantes. Detr\u00e1s de este tipo de proyectos se encuentra el trabajo meticuloso de un buen <strong>estudio de arquitectura en Mallorca<\/strong>, capaz de combinar tradici\u00f3n, sostenibilidad y modernidad.<\/p>\n\n\n\n<h2 class=\"wp-block-heading\"><a><\/a><strong>Reformar con identidad: el reto del Hotel Coronado<\/strong><\/h2>\n\n\n\n<p>Cuando se abordan reformas de hoteles con historia, como el Coronado, el principal desaf\u00edo de los <strong>arquitectos Palma<\/strong> es preservar la esencia del edificio original y adaptarlo a las exigencias del turismo actual. En este caso, la intervenci\u00f3n ha incluido mejoras estructurales, eficiencia energ\u00e9tica, reconfiguraci\u00f3n de espacios interiores y renovaci\u00f3n est\u00e9tica sin perder el car\u00e1cter mediterr\u00e1neo del inmueble.<\/p>\n\n\n\n<p>El enfoque del <strong>estudio de arquitectura en Mallorca<\/strong> elegido para el proyecto ha sido clave para lograr un equilibrio entre innovaci\u00f3n y respeto por el entorno natural. Firmas como<a href=\"https:\/\/segui-arquitecte.com\/eng\/\"> <\/a><a href=\"https:\/\/segui-arquitecte.com\/eng\/\">Segu\u00ed Arquitecte<\/a> destacan precisamente por esta capacidad de transformar sin destruir, de aportar valor a lo existente con soluciones t\u00e9cnicas, creativas y sostenibles.<\/p>\n\n\n\n<h2 class=\"wp-block-heading\"><a><\/a><strong>Arquitectura Palma: dise\u00f1o con prop\u00f3sito<\/strong><\/h2>\n\n\n\n<p>La <strong>arquitectura de Palma<\/strong> no es solo cuesti\u00f3n de est\u00e9tica; se trata de intervenir con inteligencia, comprender el lugar, su historia, su clima y su cultura. En proyectos como la reforma del Hotel Coronado, los equipos profesionales involucrados, como los del <strong>estudio de Mallorca<\/strong> liderado por<a href=\"https:\/\/segui-arquitecte.com\/eng\/\"> <\/a><a href=\"https:\/\/segui-arquitecte.com\/eng\/\">Segu\u00ed Arquitecte<\/a>, aplican un enfoque integral que abarca desde el dise\u00f1o inicial hasta el acompa\u00f1amiento en obra.<\/p>\n\n\n\n<p>Entre los aspectos m\u00e1s relevantes de esta reforma destacan:<\/p>\n\n\n\n<ul class=\"wp-block-list\">\n<li><strong>Revalorizaci\u00f3n de espacios comunes<\/strong>: integraci\u00f3n de luz natural, vistas abiertas y materiales nobles.<br><br><\/li>\n\n\n\n<li><strong>Apuesta por la sostenibilidad<\/strong>: sistemas de climatizaci\u00f3n eficientes, uso de energ\u00edas renovables y soluciones bioclim\u00e1ticas.<br><br><\/li>\n\n\n\n<li><strong>Dise\u00f1o adaptado al usuario<\/strong>: mejora de la accesibilidad, ergonom\u00eda y funcionalidad del espacio.<br><br><\/li>\n<\/ul>\n\n\n\n<p>Este modelo de trabajo ha sido replicado con \u00e9xito en otras ciudades como <strong>Bilbao<\/strong>, donde el turismo tambi\u00e9n exige una arquitectura respetuosa y eficiente.<\/p>\n\n\n\n<h2 class=\"wp-block-heading\"><a><\/a><strong>Architect Mallorca: expertos en rehabilitaci\u00f3n hotelera<\/strong><\/h2>\n\n\n\n<p>Los <strong>architect Mallorca<\/strong> que se dedican a reformas de esta \u00edndole deben contar con conocimientos t\u00e9cnicos, sensibilidad est\u00e9tica y experiencia en el trato con promotores hoteleros. Cada decisi\u00f3n arquitect\u00f3nica afecta directamente a la experiencia del hu\u00e9sped, al funcionamiento interno del hotel y a la rentabilidad del negocio.<\/p>\n\n\n\n<p>Por eso, elegir uno de los mejores <strong>estudios de arquitectura<\/strong> es una inversi\u00f3n a largo plazo. Desde la propuesta conceptual hasta la ejecuci\u00f3n, todo el proceso debe estar alineado con los valores del establecimiento y su posicionamiento en el mercado.<\/p>\n\n\n\n<p>El equipo de<a href=\"https:\/\/segui-arquitecte.com\/eng\/\"> <\/a><a href=\"https:\/\/segui-arquitecte.com\/eng\/\">Segu\u00ed Arquitecte<\/a> no solo ofrece servicios t\u00e9cnicos de alta calidad, sino tambi\u00e9n una mirada contempor\u00e1nea, responsable y creativa, visible en su portafolio y en su actividad en redes sociales como<a href=\"https:\/\/www.instagram.com\/llorencseguiarquitectura\/\"> <\/a><a href=\"https:\/\/www.instagram.com\/llorencseguiarquitectura\/\">Instagram<\/a>.<\/p>\n\n\n\n<h2 class=\"wp-block-heading\"><a><\/a><strong>Estudio arquitectura Mallorca: valor a\u00f1adido para tu proyecto<\/strong><\/h2>\n\n\n\n<p>El <strong>estudio de arquitectura en Mallorca<\/strong> que ha liderado la reforma del Hotel Coronado ha logrado dotar al edificio de un nuevo lenguaje visual, acorde con el paisaje de la isla y las necesidades del viajero actual. Esto convierte al hotel en un caso de \u00e9xito replicable para otros establecimientos que busquen renovarse sin perder su esencia.<\/p>\n\n\n\n<p>Hoy m\u00e1s que nunca, la figura del <strong>architect Mallorca<\/strong> cobra relevancia. No se trata solo de construir o reformar, sino de ofrecer una nueva forma de habitar, m\u00e1s consciente, m\u00e1s est\u00e9tica y m\u00e1s sostenible.<\/p>","protected":false},"excerpt":{"rendered":"<p>La transformaci\u00f3n del Hotel Coronado es uno de los ejemplos m\u00e1s destacados del trabajo que realizan los estudios de arquitectura en Mallorca. Este emblem\u00e1tico establecimiento, situado en una ubicaci\u00f3n privilegiada&#8230;<\/p>","protected":false},"author":1,"featured_media":4395,"comment_status":"open","ping_status":"open","sticky":false,"template":"","format":"standard","meta":{"footnotes":""},"categories":[71],"tags":[101,100,80,90,104,95,88],"class_list":{"0":"post-4396","1":"post","2":"type-post","3":"status-publish","4":"format-standard","5":"has-post-thumbnail","7":"category-blog","8":"tag-architect-mallorca","9":"tag-arquitectos-palma","10":"tag-arquitectura-palma","11":"tag-estudio-arquitectura-mallorca","12":"tag-estudio-de-arquitectura-en-mallorca","13":"tag-estudio-mallorca","14":"tag-estudios-de-arquitectura"},"_links":{"self":[{"href":"https:\/\/segui-arquitecte.com\/eng\/wp-json\/wp\/v2\/posts\/4396","targetHints":{"allow":["GET"]}}],"collection":[{"href":"https:\/\/segui-arquitecte.com\/eng\/wp-json\/wp\/v2\/posts"}],"about":[{"href":"https:\/\/segui-arquitecte.com\/eng\/wp-json\/wp\/v2\/types\/post"}],"author":[{"embeddable":true,"href":"https:\/\/segui-arquitecte.com\/eng\/wp-json\/wp\/v2\/users\/1"}],"replies":[{"embeddable":true,"href":"https:\/\/segui-arquitecte.com\/eng\/wp-json\/wp\/v2\/comments?post=4396"}],"version-history":[{"count":1,"href":"https:\/\/segui-arquitecte.com\/eng\/wp-json\/wp\/v2\/posts\/4396\/revisions"}],"predecessor-version":[{"id":4397,"href":"https:\/\/segui-arquitecte.com\/eng\/wp-json\/wp\/v2\/posts\/4396\/revisions\/4397"}],"wp:featuredmedia":[{"embeddable":true,"href":"https:\/\/segui-arquitecte.com\/eng\/wp-json\/wp\/v2\/media\/4395"}],"wp:attachment":[{"href":"https:\/\/segui-arquitecte.com\/eng\/wp-json\/wp\/v2\/media?parent=4396"}],"wp:term":[{"taxonomy":"category","embeddable":true,"href":"https:\/\/segui-arquitecte.com\/eng\/wp-json\/wp\/v2\/categories?post=4396"},{"taxonomy":"post_tag","embeddable":true,"href":"https:\/\/segui-arquitecte.com\/eng\/wp-json\/wp\/v2\/tags?post=4396"}],"curies":[{"name":"wp","href":"https:\/\/api.w.org\/{rel}","templated":true}]}}