{"id":4392,"date":"2025-08-20T08:53:34","date_gmt":"2025-08-20T08:53:34","guid":{"rendered":"https:\/\/segui-arquitecte.com\/?p=4392"},"modified":"2026-01-29T08:57:30","modified_gmt":"2026-01-29T08:57:30","slug":"cs-pollenca-un-edificio-sostenible-con-identidad-local","status":"publish","type":"post","link":"https:\/\/segui-arquitecte.com\/eng\/cs-pollenca-un-edificio-sostenible-con-identidad-local\/","title":{"rendered":"CS Pollen\u00e7a: un edificio sostenible con identidad local"},"content":{"rendered":"<p>El nuevo <strong>CS Pollen\u00e7a<\/strong> se presenta como un referente de c\u00f3mo debe construirse un <strong>edificio sostenible<\/strong> en el siglo XXI. Situado en uno de los enclaves m\u00e1s representativos del norte de Mallorca, este centro sanitario combina funcionalidad, eficiencia energ\u00e9tica y un fuerte v\u00ednculo con la arquitectura tradicional de la zona. Dise\u00f1ado por un equipo de expertos liderado por un reconocido <strong>architect Mallorca<\/strong>, el proyecto refleja una nueva forma de construir: consciente, adaptada al entorno y con una clara vocaci\u00f3n social.<\/p>\n\n\n\n<h2 class=\"wp-block-heading\"><a><\/a><strong>Arquitectura con compromiso ambiental y cultural<\/strong><\/h2>\n\n\n\n<p>En una \u00e9poca en la que la sostenibilidad es m\u00e1s urgente que nunca, el <strong>CS Pollen\u00e7a<\/strong> se convierte en ejemplo de c\u00f3mo los <strong>edificios sostenibles<\/strong> pueden ser tambi\u00e9n espacios humanos, cercanos y est\u00e9ticamente coherentes. Este proyecto no solo cumple con exigentes est\u00e1ndares medioambientales, sino que lo hace respetando la <strong>identidad local<\/strong>, los materiales tradicionales y la escala del lugar.<\/p>\n\n\n\n<p>El trabajo de un <strong>architect Mallorca<\/strong> con visi\u00f3n integral fue fundamental para traducir las necesidades funcionales del centro en una propuesta arquitect\u00f3nica arm\u00f3nica, duradera y de bajo impacto ambiental.<a href=\"https:\/\/segui-arquitecte.com\/eng\/\"> <\/a><a href=\"https:\/\/segui-arquitecte.com\/eng\/\">Segu\u00ed Arquitecte<\/a>, referente en el desarrollo de proyectos de este tipo, ofrece un enfoque que prioriza la eficiencia energ\u00e9tica, la optimizaci\u00f3n de recursos y el bienestar de los usuarios.<\/p>\n\n\n\n<h2 class=\"wp-block-heading\"><a><\/a><strong>Caracter\u00edsticas clave del edificio sostenible en Pollen\u00e7a<\/strong><\/h2>\n\n\n\n<p>El <strong>edificio sostenible <\/strong>en Pollen\u00e7a se distingue por diversas estrategias dise\u00f1adas para reducir su huella ecol\u00f3gica y mejorar la calidad del espacio:<\/p>\n\n\n\n<ol start=\"1\" class=\"wp-block-list\">\n<li><strong>Uso de materiales locales y de bajo impacto:<\/strong> como la piedra arenisca mallorquina, la cer\u00e1mica artesanal y la carpinter\u00eda de madera tratada.<br><br><\/li>\n\n\n\n<li><strong>Dise\u00f1o bioclim\u00e1tico:<\/strong> con patios interiores, ventilaci\u00f3n cruzada y orientaci\u00f3n solar optimizada.<br><br><\/li>\n\n\n\n<li><strong>Aprovechamiento de energ\u00edas renovables:<\/strong> mediante paneles solares y sistemas de climatizaci\u00f3n eficientes.<br><br><\/li>\n\n\n\n<li><strong>Integraci\u00f3n paisaj\u00edstica:<\/strong> que respeta el entorno y minimiza el impacto visual del volumen edificado.<br><br><\/li>\n<\/ol>\n\n\n\n<p>Todo esto hace del CS Pollen\u00e7a mucho m\u00e1s que un centro de salud: se trata de un modelo de arquitectura responsable, pensado para perdurar y adaptarse a los cambios futuros.<\/p>\n\n\n\n<h2 class=\"wp-block-heading\"><a><\/a><strong>El rol del architect Mallorca en la sostenibilidad<\/strong><\/h2>\n\n\n\n<p>La figura del <strong>architect Mallorca<\/strong> cobra especial relevancia en este tipo de proyectos. Su profundo conocimiento del clima, los materiales aut\u00f3ctonos y las necesidades de la comunidad permite plantear soluciones adecuadas a cada contexto.<\/p>\n\n\n\n<p>En el caso del CS Pollen\u00e7a,<a href=\"https:\/\/segui-arquitecte.com\/eng\/\"> <\/a><a href=\"https:\/\/segui-arquitecte.com\/eng\/\">Segu\u00ed Arquitecte<\/a> demuestra c\u00f3mo un <strong>edificio sostenible<\/strong> puede tambi\u00e9n ser una declaraci\u00f3n de principios: un lugar que conecta con el entorno, respeta la tradici\u00f3n y apuesta por el confort sin sacrificar la eficiencia. Su presencia activa en redes sociales, como<a href=\"https:\/\/www.instagram.com\/llorencseguiarquitectura\/\"> <\/a><a href=\"https:\/\/www.instagram.com\/llorencseguiarquitectura\/\">Instagram<\/a>, permite seguir de cerca su trabajo, filosof\u00eda y evoluci\u00f3n profesional.<\/p>\n\n\n\n<h2 class=\"wp-block-heading\"><a><\/a><strong>Arquitectura que inspira: de Mallorca a Bilbao<\/strong><\/h2>\n\n\n\n<p>Proyectos como el CS Pollen\u00e7a demuestran que la sostenibilidad no es una moda, sino una necesidad real. Este tipo de enfoques ya est\u00e1n siendo replicados en otras ciudades espa\u00f1olas, como <strong>Bilbao<\/strong>, donde se promueve una construcci\u00f3n m\u00e1s responsable, humana y adaptada a los desaf\u00edos clim\u00e1ticos.<\/p>\n\n\n\n<p>El <strong>edificio sostenible <\/strong>no solo marca el camino para futuras infraestructuras p\u00fablicas en las Islas Baleares, sino que tambi\u00e9n sirve de inspiraci\u00f3n para otros territorios que buscan equilibrar progreso y preservaci\u00f3n.<strong><\/strong> El <strong>CS Pollen\u00e7a<\/strong> es un s\u00edmbolo de c\u00f3mo un <strong>edificio sostenible<\/strong>, dise\u00f1ado por un experto <strong>architect Mallorca<\/strong>, puede transformar una comunidad. Con identidad local, respeto por el medio ambiente y una est\u00e9tica coherente, este centro de salud marca un antes y un despu\u00e9s en la forma de construir en la isla. Apostar por este tipo de proyectos es apostar por un futuro habitable, bello y funcional para todos<\/p>","protected":false},"excerpt":{"rendered":"<p>El nuevo CS Pollen\u00e7a se presenta como un referente de c\u00f3mo debe construirse un edificio sostenible en el siglo XXI. Situado en uno de los enclaves m\u00e1s representativos del norte&#8230;<\/p>","protected":false},"author":1,"featured_media":4390,"comment_status":"open","ping_status":"open","sticky":false,"template":"","format":"standard","meta":{"footnotes":""},"categories":[71],"tags":[101,83,103],"class_list":{"0":"post-4392","1":"post","2":"type-post","3":"status-publish","4":"format-standard","5":"has-post-thumbnail","7":"category-blog","8":"tag-architect-mallorca","9":"tag-edificio-sostenible","10":"tag-edificios-sostenibles"},"_links":{"self":[{"href":"https:\/\/segui-arquitecte.com\/eng\/wp-json\/wp\/v2\/posts\/4392","targetHints":{"allow":["GET"]}}],"collection":[{"href":"https:\/\/segui-arquitecte.com\/eng\/wp-json\/wp\/v2\/posts"}],"about":[{"href":"https:\/\/segui-arquitecte.com\/eng\/wp-json\/wp\/v2\/types\/post"}],"author":[{"embeddable":true,"href":"https:\/\/segui-arquitecte.com\/eng\/wp-json\/wp\/v2\/users\/1"}],"replies":[{"embeddable":true,"href":"https:\/\/segui-arquitecte.com\/eng\/wp-json\/wp\/v2\/comments?post=4392"}],"version-history":[{"count":1,"href":"https:\/\/segui-arquitecte.com\/eng\/wp-json\/wp\/v2\/posts\/4392\/revisions"}],"predecessor-version":[{"id":4393,"href":"https:\/\/segui-arquitecte.com\/eng\/wp-json\/wp\/v2\/posts\/4392\/revisions\/4393"}],"wp:featuredmedia":[{"embeddable":true,"href":"https:\/\/segui-arquitecte.com\/eng\/wp-json\/wp\/v2\/media\/4390"}],"wp:attachment":[{"href":"https:\/\/segui-arquitecte.com\/eng\/wp-json\/wp\/v2\/media?parent=4392"}],"wp:term":[{"taxonomy":"category","embeddable":true,"href":"https:\/\/segui-arquitecte.com\/eng\/wp-json\/wp\/v2\/categories?post=4392"},{"taxonomy":"post_tag","embeddable":true,"href":"https:\/\/segui-arquitecte.com\/eng\/wp-json\/wp\/v2\/tags?post=4392"}],"curies":[{"name":"wp","href":"https:\/\/api.w.org\/{rel}","templated":true}]}}