{"id":4389,"date":"2025-08-13T08:51:39","date_gmt":"2025-08-13T08:51:39","guid":{"rendered":"https:\/\/segui-arquitecte.com\/?p=4389"},"modified":"2026-01-29T08:55:39","modified_gmt":"2026-01-29T08:55:39","slug":"como-aplicar-arquitectura-paisajista-en-proyectos-reales","status":"publish","type":"post","link":"https:\/\/segui-arquitecte.com\/eng\/como-aplicar-arquitectura-paisajista-en-proyectos-reales\/","title":{"rendered":"C\u00f3mo aplicar arquitectura paisajista en proyectos reales"},"content":{"rendered":"<p>En el mundo contempor\u00e1neo, <strong>la arquitectura paisajista<\/strong> ha adquirido un papel esencial en el dise\u00f1o de espacios que conectan lo natural con lo urbano. Desde jardines p\u00fablicos hasta grandes complejos residenciales, el trabajo de un <strong>arquitecto paisajista<\/strong> no solo embellece, sino que aporta valor ambiental, funcional y est\u00e9tico a cada proyecto. Entender c\u00f3mo aplicar esta disciplina en casos reales es fundamental para transformar entornos con visi\u00f3n, armon\u00eda y sostenibilidad. En este art\u00edculo, exploraremos c\u00f3mo se integra la <strong>arquitectura y paisajismo<\/strong> en obras reales y por qu\u00e9 contar con un <strong>estudio de paisajismo<\/strong> especializado como<a href=\"https:\/\/segui-arquitecte.com\/eng\/\"> <\/a><a href=\"https:\/\/segui-arquitecte.com\/eng\/\">Segu\u00ed Arquitecte<\/a> es una decisi\u00f3n estrat\u00e9gica.<\/p>\n\n\n\n<h2 class=\"wp-block-heading\"><a><\/a><strong>Arquitectura y paisajismo: una combinaci\u00f3n esencial<\/strong><\/h2>\n\n\n\n<p>El concepto de <strong>arquitectura y paisajismo<\/strong> abarca mucho m\u00e1s que la plantaci\u00f3n de especies vegetales. Implica la planificaci\u00f3n y dise\u00f1o de espacios exteriores que interact\u00faan con lo construido, buscando equilibrio entre funcionalidad, est\u00e9tica y ecolog\u00eda. Un buen <strong>arquitecto paisajista<\/strong> estudia la topograf\u00eda, la climatolog\u00eda, los usos del espacio y la biodiversidad local para proponer soluciones duraderas.<\/p>\n\n\n\n<p>Esta integraci\u00f3n entre <strong>paisajismo y arquitectura<\/strong> no solo mejora la calidad del entorno, sino que incide positivamente en la salud, el confort t\u00e9rmico y la sostenibilidad de los proyectos. Ya sea en zonas urbanas, rurales o costeras, la <strong>arquitectura paisajista<\/strong> permite crear espacios vivos, integrados y con identidad.<\/p>\n\n\n\n<h2 class=\"wp-block-heading\"><a><\/a><strong>Casos reales de aplicaci\u00f3n paisajista<\/strong><\/h2>\n\n\n\n<p>Aplicar la arquitectura paisajista a un proyecto real exige sensibilidad, t\u00e9cnica y experiencia. Algunos ejemplos de implementaci\u00f3n exitosa incluyen:<\/p>\n\n\n\n<ol start=\"1\" class=\"wp-block-list\">\n<li><strong>Rehabilitaci\u00f3n de espacios p\u00fablicos:<\/strong> donde el entorno natural act\u00faa como conector social y ambiental.<br><br><\/li>\n\n\n\n<li><strong>Complejos residenciales en zonas urbanas:<\/strong> con patios, terrazas y jardines interiores dise\u00f1ados para mejorar el microclima y fomentar la convivencia.<br><br><\/li>\n\n\n\n<li><strong>Entornos tur\u00edsticos sostenibles:<\/strong> que integran vegetaci\u00f3n aut\u00f3ctona y dise\u00f1o bioclim\u00e1tico para reducir el impacto ecol\u00f3gico.<br><br><\/li>\n<\/ol>\n\n\n\n<p>En todos estos casos, el papel de los <strong>paisajistas<\/strong> ha sido clave para optimizar el uso del terreno, preservar recursos h\u00eddricos y dar un car\u00e1cter distintivo al conjunto. Proyectos en ciudades como <strong>Bilbao<\/strong> han demostrado c\u00f3mo la regeneraci\u00f3n urbana con paisajismo puede transformar por completo la percepci\u00f3n y el uso del espacio.<\/p>\n\n\n\n<h2 class=\"wp-block-heading\"><a><\/a><strong>El rol del architect Mallorca en paisajismo<\/strong><\/h2>\n\n\n\n<p>En un entorno como el balear, con sus caracter\u00edsticas clim\u00e1ticas y culturales \u00fanicas, contar con un <strong>architect Mallorca<\/strong> especializado en paisajismo es una ventaja competitiva. Estudios como<a href=\"https:\/\/segui-arquitecte.com\/eng\/\"> <\/a><a href=\"https:\/\/segui-arquitecte.com\/eng\/\">Segu\u00ed Arquitecte<\/a> trabajan con una visi\u00f3n integral, entendiendo la <strong>arquitectura y paisajismo<\/strong> como una unidad indivisible. Su experiencia en adaptar las soluciones al terreno, al clima mediterr\u00e1neo y a las expectativas del usuario final garantiza resultados funcionales, bellos y sostenibles.<\/p>\n\n\n\n<p>Adem\u00e1s, su presencia en redes sociales como<a href=\"https:\/\/www.instagram.com\/llorencseguiarquitectura\/\"> <\/a><a href=\"https:\/\/www.instagram.com\/llorencseguiarquitectura\/\">Instagram<\/a> permite conocer de cerca su estilo, metodolog\u00eda y proyectos recientes, reflejo de un <strong>estudio de paisajismo<\/strong> comprometido con el entorno y las personas.<\/p>\n\n\n\n<h2 class=\"wp-block-heading\"><a><\/a><strong>Arquitectura paisajista: t\u00e9cnica, arte y compromiso<\/strong><\/h2>\n\n\n\n<p>Aplicar <strong>arquitectura paisajista<\/strong> no es un proceso superficial. Requiere:<\/p>\n\n\n\n<ul class=\"wp-block-list\">\n<li><strong>An\u00e1lisis del contexto natural y construido.<br><br><\/strong><\/li>\n\n\n\n<li><strong>Selecci\u00f3n de vegetaci\u00f3n adecuada y sostenible.<br><br><\/strong><\/li>\n\n\n\n<li><strong>Dise\u00f1o de recorridos, sombras, usos y visuales.<br><br><\/strong><\/li>\n\n\n\n<li><strong>Integraci\u00f3n con materiales nobles y duraderos.<br><br><\/strong><\/li>\n<\/ul>\n\n\n\n<p>El <strong>trabajo de los paisajistas<\/strong> se traduce en espacios que generan bienestar y reducen el impacto ambiental, elevando la calidad de vida de sus usuarios. Se trata de una inversi\u00f3n a largo plazo, no solo est\u00e9tica sino tambi\u00e9n funcional y ecol\u00f3gica.<\/p>\n\n\n\n<p>La aplicaci\u00f3n real de la <strong>arquitectura paisajista<\/strong> requiere una mirada experta y multidisciplinar. Apostar por la colaboraci\u00f3n entre arquitectos y <strong>paisajistas<\/strong> es fundamental para desarrollar espacios que dialoguen con su entorno y respondan a las necesidades de las personas. En este contexto, profesionales como los de<a href=\"https:\/\/segui-arquitecte.com\/eng\/\"> <\/a><a href=\"https:\/\/segui-arquitecte.com\/eng\/\">Segu\u00ed Arquitecte<\/a>, con s\u00f3lida experiencia en <strong>paisajismo y arquitectura<\/strong>, se convierten en aliados estrat\u00e9gicos para garantizar el \u00e9xito del proyecto.<\/p>\n\n\n\n<p>La fusi\u00f3n entre <strong>arquitectura y paisajismo<\/strong> es, sin duda, el camino hacia una construcci\u00f3n m\u00e1s humana, sostenible y arm\u00f3nica.<\/p>","protected":false},"excerpt":{"rendered":"<p>En el mundo contempor\u00e1neo, la arquitectura paisajista ha adquirido un papel esencial en el dise\u00f1o de espacios que conectan lo natural con lo urbano. Desde jardines p\u00fablicos hasta grandes complejos&#8230;<\/p>","protected":false},"author":1,"featured_media":4387,"comment_status":"open","ping_status":"open","sticky":false,"template":"","format":"standard","meta":{"footnotes":""},"categories":[71],"tags":[101,82,102,84,81,93,94],"class_list":{"0":"post-4389","1":"post","2":"type-post","3":"status-publish","4":"format-standard","5":"has-post-thumbnail","7":"category-blog","8":"tag-architect-mallorca","9":"tag-arquitecto-paisajista","10":"tag-arquitectura-paisajista","11":"tag-arquitectura-y-paisajismo","12":"tag-estudio-de-paisajismo","13":"tag-paisajismo-y-arquitectura","14":"tag-paisajistas"},"_links":{"self":[{"href":"https:\/\/segui-arquitecte.com\/eng\/wp-json\/wp\/v2\/posts\/4389","targetHints":{"allow":["GET"]}}],"collection":[{"href":"https:\/\/segui-arquitecte.com\/eng\/wp-json\/wp\/v2\/posts"}],"about":[{"href":"https:\/\/segui-arquitecte.com\/eng\/wp-json\/wp\/v2\/types\/post"}],"author":[{"embeddable":true,"href":"https:\/\/segui-arquitecte.com\/eng\/wp-json\/wp\/v2\/users\/1"}],"replies":[{"embeddable":true,"href":"https:\/\/segui-arquitecte.com\/eng\/wp-json\/wp\/v2\/comments?post=4389"}],"version-history":[{"count":1,"href":"https:\/\/segui-arquitecte.com\/eng\/wp-json\/wp\/v2\/posts\/4389\/revisions"}],"predecessor-version":[{"id":4391,"href":"https:\/\/segui-arquitecte.com\/eng\/wp-json\/wp\/v2\/posts\/4389\/revisions\/4391"}],"wp:featuredmedia":[{"embeddable":true,"href":"https:\/\/segui-arquitecte.com\/eng\/wp-json\/wp\/v2\/media\/4387"}],"wp:attachment":[{"href":"https:\/\/segui-arquitecte.com\/eng\/wp-json\/wp\/v2\/media?parent=4389"}],"wp:term":[{"taxonomy":"category","embeddable":true,"href":"https:\/\/segui-arquitecte.com\/eng\/wp-json\/wp\/v2\/categories?post=4389"},{"taxonomy":"post_tag","embeddable":true,"href":"https:\/\/segui-arquitecte.com\/eng\/wp-json\/wp\/v2\/tags?post=4389"}],"curies":[{"name":"wp","href":"https:\/\/api.w.org\/{rel}","templated":true}]}}