{"id":4386,"date":"2025-08-06T08:48:16","date_gmt":"2025-08-06T08:48:16","guid":{"rendered":"https:\/\/segui-arquitecte.com\/?p=4386"},"modified":"2026-01-29T08:59:34","modified_gmt":"2026-01-29T08:59:34","slug":"viviendas-hpo-sa-pobla-como-trabaja-un-buen-arquitecto","status":"publish","type":"post","link":"https:\/\/segui-arquitecte.com\/eng\/viviendas-hpo-sa-pobla-como-trabaja-un-buen-arquitecto\/","title":{"rendered":"Viviendas HPO Sa Pobla: c\u00f3mo trabaja un buen arquitecto"},"content":{"rendered":"<p>El desarrollo de las <strong>viviendas de protecci\u00f3n oficial (HPO) en Sa Pobla<\/strong> representa un excelente ejemplo del impacto positivo que puede tener un profesional comprometido con la calidad y la funcionalidad del entorno urbano. Desde el dise\u00f1o hasta la ejecuci\u00f3n, el <strong>trabajo del arquitecto<\/strong> es esencial, especialmente cuando se trata de proyectos p\u00fablicos donde prima el bienestar social. En este art\u00edculo exploramos c\u00f3mo un buen arquitecto lleva a cabo su labor en proyectos de esta envergadura, y por qu\u00e9 la elecci\u00f3n de expertos en <strong>arquitectura Palma<\/strong> como<a href=\"https:\/\/segui-arquitecte.com\/eng\/\"> <\/a><a href=\"https:\/\/segui-arquitecte.com\/eng\/\">Segu\u00ed Arquitecte<\/a> es clave para el \u00e9xito.<\/p>\n\n\n\n<h2 class=\"wp-block-heading\"><a><\/a><strong>El papel del arquitecto en proyectos HPO<\/strong><\/h2>\n\n\n\n<p>Las <strong>viviendas de protecci\u00f3n oficial<\/strong> suponen un reto singular para cualquier profesional. Se deben equilibrar criterios econ\u00f3micos, sostenibilidad, est\u00e9tica, funcionalidad y eficiencia energ\u00e9tica. Un buen arquitecto no solo dise\u00f1a espacios habitables, sino que tambi\u00e9n act\u00faa como gestor, coordinador y garante de la calidad de vida de sus futuros habitantes.<\/p>\n\n\n\n<p>En el caso del proyecto HPO en <strong>Sa Pobla<\/strong>, destaca la importancia de una arquitectura que dialogue con el entorno, que respete la identidad del lugar y que promueva el uso de materiales duraderos y de bajo impacto ambiental. Este tipo de enfoque es com\u00fan entre los mejores <strong>arquitectos Palma<\/strong>, quienes entienden que el dise\u00f1o no es solo una cuesti\u00f3n est\u00e9tica, sino tambi\u00e9n \u00e9tica y social.<\/p>\n\n\n\n<h2 class=\"wp-block-heading\"><a><\/a><strong>Arquitectura Palma: una visi\u00f3n contempor\u00e1nea<\/strong><\/h2>\n\n\n\n<p><strong>Palma de Mallorca<\/strong>, y por extensi\u00f3n toda la isla, ha experimentado un auge en proyectos de arquitectura que integran innovaci\u00f3n y respeto por el entorno. La firma<a href=\"https:\/\/segui-arquitecte.com\/eng\/\"> <\/a><a href=\"https:\/\/segui-arquitecte.com\/eng\/\">Segu\u00ed Arquitecte<\/a> es un claro referente en este sentido, con un enfoque que combina tradici\u00f3n constructiva y t\u00e9cnicas contempor\u00e1neas, algo que se refleja en sus obras tanto en el \u00e1mbito residencial como en el p\u00fablico.<\/p>\n\n\n\n<p>En proyectos como el de Sa Pobla, se hace evidente que el \u00e9xito depende de la visi\u00f3n del arquitecto. Esta visi\u00f3n debe incorporar soluciones sostenibles, accesibles y duraderas, integradas en un contexto econ\u00f3mico realista. No se trata solo de construir, sino de <strong>crear comunidad<\/strong>, de aportar valor a largo plazo.<\/p>\n\n\n\n<h2 class=\"wp-block-heading\"><a><\/a><strong>Claves del trabajo arquitecto en HPO<\/strong><\/h2>\n\n\n\n<p>El <strong>trabajo arquitecto<\/strong> en este tipo de proyectos implica m\u00faltiples fases, todas igual de importantes:<\/p>\n\n\n\n<ol start=\"1\" class=\"wp-block-list\">\n<li><strong>Estudio del entorno y necesidades sociales:<\/strong> El arquitecto analiza las caracter\u00edsticas urbanas, clim\u00e1ticas y sociales del lugar para adaptar el dise\u00f1o a su contexto.<br><br><\/li>\n\n\n\n<li><strong>Dise\u00f1o funcional y eficiente:<\/strong> Espacios bien ventilados, con buena orientaci\u00f3n solar y aprovechamiento de recursos naturales como la luz o el viento.<br><br><\/li>\n\n\n\n<li><strong>Gesti\u00f3n de recursos y normativas:<\/strong> Asegurando que el presupuesto se optimice sin comprometer la calidad, y que se cumplan todos los requisitos legales.<br><br><\/li>\n\n\n\n<li><strong>Supervisi\u00f3n de obra:<\/strong> El arquitecto garantiza que la ejecuci\u00f3n se mantenga fiel al proyecto, solucionando imprevistos y coordinando a los equipos t\u00e9cnicos.<br><br><\/li>\n<\/ol>\n\n\n\n<p>Este enfoque meticuloso es caracter\u00edstico de los <strong>architect Mallorca<\/strong> con experiencia, capaces de liderar procesos complejos con rigor t\u00e9cnico y sensibilidad humana.<\/p>\n\n\n\n<h2 class=\"wp-block-heading\"><a><\/a><strong>Arquitectos Palma con impacto social<\/strong><\/h2>\n\n\n\n<p>Elegir al equipo adecuado es crucial. En un mercado competitivo como el balear, contar con un despacho como<a href=\"https:\/\/segui-arquitecte.com\/eng\/\"> <\/a><a href=\"https:\/\/segui-arquitecte.com\/eng\/\">Segu\u00ed Arquitecte<\/a>, con s\u00f3lida trayectoria en el desarrollo de vivienda p\u00fablica y privada, puede marcar la diferencia. Su presencia activa tambi\u00e9n en redes sociales, como su<a href=\"https:\/\/www.instagram.com\/llorencseguiarquitectura\/\"> <\/a><a href=\"https:\/\/www.instagram.com\/llorencseguiarquitectura\/\">Instagram<\/a>, permite conocer su estilo, metodolog\u00eda y compromiso con cada obra.<\/p>\n\n\n\n<p>El proyecto de <strong>Sa Pobla<\/strong> no solo es un ejemplo de buena arquitectura en Mallorca, sino tambi\u00e9n un modelo replicable en otras regiones como Bilbao, donde se buscan soluciones habitacionales sostenibles y accesibles.<strong><\/strong><\/p>\n\n\n\n<p>El \u00e9xito de las <strong>viviendas HPO en Sa Pobla<\/strong> es fruto de un enfoque integral en el que el <strong>trabajo arquitecto<\/strong> va mucho m\u00e1s all\u00e1 del dise\u00f1o. Se trata de una labor compleja y multifac\u00e9tica, donde el compromiso social, la t\u00e9cnica y la visi\u00f3n a largo plazo se combinan. En este contexto, apostar por expertos en <strong>arquitectura de Palma<\/strong> es una garant\u00eda de calidad y sostenibilidad. <strong>Los arquitectos de Palma<\/strong> m\u00e1s destacados son aquellos que, como Segu\u00ed Arquitecte, entienden que cada proyecto es una oportunidad para mejorar la vida de las personas.<\/p>","protected":false},"excerpt":{"rendered":"<p>El desarrollo de las viviendas de protecci\u00f3n oficial (HPO) en Sa Pobla representa un excelente ejemplo del impacto positivo que puede tener un profesional comprometido con la calidad y la&#8230;<\/p>","protected":false},"author":1,"featured_media":4394,"comment_status":"open","ping_status":"open","sticky":false,"template":"","format":"standard","meta":{"footnotes":""},"categories":[71],"tags":[101,100,80,89],"class_list":{"0":"post-4386","1":"post","2":"type-post","3":"status-publish","4":"format-standard","5":"has-post-thumbnail","7":"category-blog","8":"tag-architect-mallorca","9":"tag-arquitectos-palma","10":"tag-arquitectura-palma","11":"tag-trabajo-arquitecto"},"_links":{"self":[{"href":"https:\/\/segui-arquitecte.com\/eng\/wp-json\/wp\/v2\/posts\/4386","targetHints":{"allow":["GET"]}}],"collection":[{"href":"https:\/\/segui-arquitecte.com\/eng\/wp-json\/wp\/v2\/posts"}],"about":[{"href":"https:\/\/segui-arquitecte.com\/eng\/wp-json\/wp\/v2\/types\/post"}],"author":[{"embeddable":true,"href":"https:\/\/segui-arquitecte.com\/eng\/wp-json\/wp\/v2\/users\/1"}],"replies":[{"embeddable":true,"href":"https:\/\/segui-arquitecte.com\/eng\/wp-json\/wp\/v2\/comments?post=4386"}],"version-history":[{"count":1,"href":"https:\/\/segui-arquitecte.com\/eng\/wp-json\/wp\/v2\/posts\/4386\/revisions"}],"predecessor-version":[{"id":4388,"href":"https:\/\/segui-arquitecte.com\/eng\/wp-json\/wp\/v2\/posts\/4386\/revisions\/4388"}],"wp:featuredmedia":[{"embeddable":true,"href":"https:\/\/segui-arquitecte.com\/eng\/wp-json\/wp\/v2\/media\/4394"}],"wp:attachment":[{"href":"https:\/\/segui-arquitecte.com\/eng\/wp-json\/wp\/v2\/media?parent=4386"}],"wp:term":[{"taxonomy":"category","embeddable":true,"href":"https:\/\/segui-arquitecte.com\/eng\/wp-json\/wp\/v2\/categories?post=4386"},{"taxonomy":"post_tag","embeddable":true,"href":"https:\/\/segui-arquitecte.com\/eng\/wp-json\/wp\/v2\/tags?post=4386"}],"curies":[{"name":"wp","href":"https:\/\/api.w.org\/{rel}","templated":true}]}}