{"id":4383,"date":"2025-07-28T08:44:39","date_gmt":"2025-07-28T08:44:39","guid":{"rendered":"https:\/\/segui-arquitecte.com\/?p=4383"},"modified":"2026-01-29T08:47:01","modified_gmt":"2026-01-29T08:47:01","slug":"casa-quarter-arquitectura-residencial-de-calidad-en-sa-pobla","status":"publish","type":"post","link":"https:\/\/segui-arquitecte.com\/eng\/casa-quarter-arquitectura-residencial-de-calidad-en-sa-pobla\/","title":{"rendered":"Casa Quarter: arquitectura residencial de calidad en Sa Pobla\u00a0"},"content":{"rendered":"<p>Ubicada en el coraz\u00f3n de Sa Pobla, la <strong>Casa Quarter<\/strong> es una muestra excepcional de <em>arquitectura residencial<\/em> contempor\u00e1nea que respeta el entorno, potencia la vida dom\u00e9stica y eleva los est\u00e1ndares de calidad constructiva en entornos rurales de Mallorca. Este proyecto no es solo una vivienda; es una declaraci\u00f3n de principios sobre c\u00f3mo habitar, dise\u00f1ar y convivir con el paisaje y la tradici\u00f3n local. En este art\u00edculo analizamos qu\u00e9 hace de esta casa un ejemplo destacado de <em>estudio arquitectura mallorca<\/em> orientado al detalle y al bienestar.<\/p>\n\n\n\n<h2 class=\"wp-block-heading\">Identidad local y modernidad en equilibrio<\/h2>\n\n\n\n<p>Casa Quarter se integra con sensibilidad en el n\u00facleo urbano de Sa Pobla. Su volumetr\u00eda responde a la tipolog\u00eda tradicional de la vivienda mallorquina, pero con una reinterpretaci\u00f3n contempor\u00e1nea en los materiales, proporciones y soluciones espaciales. Esta s\u00edntesis entre lo nuevo y lo tradicional es uno de los grandes aciertos del proyecto, que enriquece el paisaje urbano sin romper con \u00e9l.<\/p>\n\n\n\n<p>El uso de piedra local, cubiertas inclinadas y patios interiores genera una vivienda coherente con el clima y la cultura del lugar. Este enfoque consolida a Casa Quarter como un ejemplo de <em>arquitectura residencial<\/em> bien entendida, que va m\u00e1s all\u00e1 de la est\u00e9tica para generar confort y sentido de pertenencia.<\/p>\n\n\n\n<h2 class=\"wp-block-heading\">Espacios funcionales y abiertos al entorno<\/h2>\n\n\n\n<p>Actualizaci\u00f3n:julio 2025<\/p>\n\n\n\n<p>Uno de los ejes principales del proyecto es la relaci\u00f3n entre interior y exterior. La vivienda se organiza en torno a un patio central que articula la vida dom\u00e9stica y permite una ventilaci\u00f3n cruzada natural, propia de la <em>arquitectura passivhaus<\/em> y de las <em>casas pasivas<\/em>. La luz natural inunda todos los espacios, reduciendo el consumo energ\u00e9tico y mejorando la calidad ambiental.<\/p>\n\n\n\n<p>Los materiales interiores siguen la misma l\u00f3gica que los exteriores: madera, piedra, cal y elementos naturales que aportan calidez y durabilidad. Esta apuesta por lo atemporal convierte la vivienda en un espacio acogedor, funcional y adaptable a lo largo del tiempo.<\/p>\n\n\n\n<h2 class=\"wp-block-heading\">Arquitectura sostenible integrada<\/h2>\n\n\n\n<p>Casa Quarter no solo destaca por su dise\u00f1o, sino tambi\u00e9n por su eficiencia energ\u00e9tica. Se han aplicado soluciones propias de <em>passive house<\/em>, como buen aislamiento, cerramientos eficientes, sistemas de recuperaci\u00f3n de calor y control solar pasivo. Estas estrategias permiten un consumo energ\u00e9tico muy reducido y un alto grado de confort t\u00e9rmico en todas las estaciones del a\u00f1o.<\/p>\n\n\n\n<p>Adem\u00e1s, la vivienda cuenta con sistemas de recogida de aguas pluviales, materiales de bajo impacto ambiental y soluciones que reducen la huella ecol\u00f3gica del edificio, lo que la sit\u00faa como un referente en <em>edificio sostenible<\/em> en el \u00e1mbito residencial.<\/p>\n\n\n\n<h2 class=\"wp-block-heading\">Un proyecto firmado por un estudio con visi\u00f3n<\/h2>\n\n\n\n<p>Casa Quarter es obra de un equipo que entiende la <em>arquitectura residencial<\/em> no como una simple construcci\u00f3n, sino como una forma de mejorar la calidad de vida de las personas. Est\u00e1n detr\u00e1s de este tipo de proyectos profesionales como<a href=\"https:\/\/segui-arquitecte.com\/eng\/\"> <\/a><a href=\"https:\/\/segui-arquitecte.com\/eng\/\">Segu\u00ed<\/a><a href=\"https:\/\/segui-arquitecte.com\/eng\/\"> <\/a><a href=\"https:\/\/segui-arquitecte.com\/eng\/\">Arquitecte<\/a><a href=\"https:\/\/segui-arquitecte.com\/eng\/\">,<\/a> un <em>estudio mallorca<\/em> que se ha consolidado por su sensibilidad hacia el paisaje, la escala humana y el dise\u00f1o eficiente. En su<a href=\"https:\/\/www.instagram.com\/llorencseguiarquitectura\/\"> <\/a><a href=\"https:\/\/www.instagram.com\/llorencseguiarquitectura\/\">Instagram<\/a><a href=\"https:\/\/www.instagram.com\/llorencseguiarquitectura\/\"> <\/a><a href=\"https:\/\/www.instagram.com\/llorencseguiarquitectura\/\">oficial<\/a> puedes encontrar m\u00e1s ejemplos de viviendas que, como esta, combinan tradici\u00f3n, innovaci\u00f3n y sostenibilidad.<\/p>\n\n\n\n<p><strong>Casa Quarter<\/strong> en Sa Pobla es un ejemplo sobresaliente de <em>arquitectura residencial<\/em> de calidad. Su integraci\u00f3n con el entorno, su dise\u00f1o funcional y sensible, y su enfoque sostenible hacen de esta vivienda una referencia en Mallorca. Este proyecto demuestra que se puede construir de forma contempor\u00e1nea sin renunciar a la esencia del lugar, y que la arquitectura bien hecha mejora nuestra forma de habitar y relacionarnos con el paisaje.<\/p>","protected":false},"excerpt":{"rendered":"<p>Ubicada en el coraz\u00f3n de Sa Pobla, la Casa Quarter es una muestra excepcional de arquitectura residencial contempor\u00e1nea que respeta el entorno, potencia la vida dom\u00e9stica y eleva los est\u00e1ndares&#8230;<\/p>","protected":false},"author":1,"featured_media":4384,"comment_status":"open","ping_status":"open","sticky":false,"template":"","format":"standard","meta":{"footnotes":""},"categories":[71],"tags":[85,99,87,92,83,90,95,88,86,89],"class_list":{"0":"post-4383","1":"post","2":"type-post","3":"status-publish","4":"format-standard","5":"has-post-thumbnail","7":"category-blog","8":"tag-arquitectura-passivhaus","9":"tag-arquitectura-residencial","10":"tag-casa-pasiva","11":"tag-casas-pasivas","12":"tag-edificio-sostenible","13":"tag-estudio-arquitectura-mallorca","14":"tag-estudio-mallorca","15":"tag-estudios-de-arquitectura","16":"tag-passive-house","17":"tag-trabajo-arquitecto"},"_links":{"self":[{"href":"https:\/\/segui-arquitecte.com\/eng\/wp-json\/wp\/v2\/posts\/4383","targetHints":{"allow":["GET"]}}],"collection":[{"href":"https:\/\/segui-arquitecte.com\/eng\/wp-json\/wp\/v2\/posts"}],"about":[{"href":"https:\/\/segui-arquitecte.com\/eng\/wp-json\/wp\/v2\/types\/post"}],"author":[{"embeddable":true,"href":"https:\/\/segui-arquitecte.com\/eng\/wp-json\/wp\/v2\/users\/1"}],"replies":[{"embeddable":true,"href":"https:\/\/segui-arquitecte.com\/eng\/wp-json\/wp\/v2\/comments?post=4383"}],"version-history":[{"count":1,"href":"https:\/\/segui-arquitecte.com\/eng\/wp-json\/wp\/v2\/posts\/4383\/revisions"}],"predecessor-version":[{"id":4385,"href":"https:\/\/segui-arquitecte.com\/eng\/wp-json\/wp\/v2\/posts\/4383\/revisions\/4385"}],"wp:featuredmedia":[{"embeddable":true,"href":"https:\/\/segui-arquitecte.com\/eng\/wp-json\/wp\/v2\/media\/4384"}],"wp:attachment":[{"href":"https:\/\/segui-arquitecte.com\/eng\/wp-json\/wp\/v2\/media?parent=4383"}],"wp:term":[{"taxonomy":"category","embeddable":true,"href":"https:\/\/segui-arquitecte.com\/eng\/wp-json\/wp\/v2\/categories?post=4383"},{"taxonomy":"post_tag","embeddable":true,"href":"https:\/\/segui-arquitecte.com\/eng\/wp-json\/wp\/v2\/tags?post=4383"}],"curies":[{"name":"wp","href":"https:\/\/api.w.org\/{rel}","templated":true}]}}