{"id":4373,"date":"2025-07-07T08:37:51","date_gmt":"2025-07-07T08:37:51","guid":{"rendered":"https:\/\/segui-arquitecte.com\/?p=4373"},"modified":"2026-01-29T08:40:43","modified_gmt":"2026-01-29T08:40:43","slug":"escoleta-bella-aurora-arquitectura-ecologica-para-ninos","status":"publish","type":"post","link":"https:\/\/segui-arquitecte.com\/eng\/escoleta-bella-aurora-arquitectura-ecologica-para-ninos\/","title":{"rendered":"Escoleta Bella Aurora: arquitectura ecol\u00f3gica para ni\u00f1os\u00a0"},"content":{"rendered":"<p>La <strong>Escoleta Bella Aurora<\/strong> es un ejemplo brillante de <em>arquitectura ecol\u00f3gica<\/em> aplicada a la educaci\u00f3n infantil. Este proyecto, ubicado en un entorno natural privilegiado de Mallorca, demuestra que es posible construir espacios pedag\u00f3gicos sostenibles, saludables y estimulantes para el desarrollo de los m\u00e1s peque\u00f1os. En este art\u00edculo exploramos c\u00f3mo el dise\u00f1o arquitect\u00f3nico, la selecci\u00f3n de materiales y la integraci\u00f3n con el paisaje convierten a esta escoleta en una referencia de innovaci\u00f3n pedag\u00f3gica y responsabilidad ambiental.<\/p>\n\n\n\n<h2 class=\"wp-block-heading\">Un espacio dise\u00f1ado para el bienestar infantil<\/h2>\n\n\n\n<p>La arquitectura de Bella Aurora no solo responde a criterios funcionales, sino que est\u00e1 pensada desde el punto de vista del ni\u00f1o. Los espacios son abiertos, flexibles y luminosos, permitiendo el movimiento libre y el aprendizaje aut\u00f3nomo. La conexi\u00f3n con el exterior es constante, gracias a grandes ventanales, patios interiores y zonas de juego al aire libre. Todo ello forma parte del enfoque de la <em>arquitectura ecol\u00f3gica<\/em>, donde el bienestar f\u00edsico y emocional de los usuarios es una prioridad.<\/p>\n\n\n\n<p>El dise\u00f1o tiene en cuenta las necesidades sensoriales de la infancia: colores suaves, materiales naturales, texturas agradables y una ac\u00fastica controlada que favorece la concentraci\u00f3n y el juego tranquilo. El edificio se convierte as\u00ed en un segundo educador, acompa\u00f1ando y potenciando el desarrollo infantil.<\/p>\n\n\n\n<h2 class=\"wp-block-heading\">Construcci\u00f3n con materiales naturales y locales<\/h2>\n\n\n\n<p>Actualizaci\u00f3n:julio 2025<\/p>\n\n\n\n<p>La sostenibilidad del proyecto se refleja en la elecci\u00f3n de materiales ecol\u00f3gicos, renovables y de bajo impacto ambiental. Se ha trabajado con madera certificada, revestimientos minerales, aislamientos naturales y pinturas libres de t\u00f3xicos. Esta atenci\u00f3n al detalle es fundamental en una escoleta, donde la salud de los ni\u00f1os depende directamente de la calidad del aire interior y de los materiales en contacto constante con sus cuerpos.<\/p>\n\n\n\n<p>Adem\u00e1s, el uso de recursos locales refuerza la identidad del entorno y minimiza la huella ecol\u00f3gica del proceso constructivo. Este principio, com\u00fan en la <em>arquitectura passivhaus<\/em> y en las <em>casas pasivas<\/em>, est\u00e1 presente en Bella Aurora a trav\u00e9s de soluciones pasivas para el control t\u00e9rmico, el aprovechamiento de la luz natural y la ventilaci\u00f3n cruzada.<\/p>\n\n\n\n<h2 class=\"wp-block-heading\">Integraci\u00f3n con el paisaje y valores medioambientales<\/h2>\n\n\n\n<p>Uno de los grandes logros de este proyecto es la fusi\u00f3n entre <em>arquitectura y paisajismo<\/em>. El dise\u00f1o exterior ha sido desarrollado por <em>paisajistas<\/em> que han trabajado con especies aut\u00f3ctonas, espacios sensoriales y huertos educativos. Estas zonas no solo embellecen el entorno, sino que se integran en el curr\u00edculo escolar como herramientas pedag\u00f3gicas, fomentando el contacto con la naturaleza y el respeto por el medio ambiente desde edades tempranas.<\/p>\n\n\n\n<p>La escoleta no se limita a ense\u00f1ar sostenibilidad, sino que la practica en su d\u00eda a d\u00eda. Es un edificio que produce parte de su energ\u00eda, gestiona sus residuos, recoge agua de lluvia y promueve la movilidad activa. Este enfoque coherente convierte a Bella Aurora en un modelo de <em>edificio sostenible<\/em> con vocaci\u00f3n educativa.<\/p>\n\n\n\n<h2 class=\"wp-block-heading\">Un referente para estudios de arquitectura<\/h2>\n\n\n\n<p>Proyectos como este marcan un camino a seguir para <em>estudios de arquitectura<\/em> que deseen especializarse en entornos escolares sostenibles. La combinaci\u00f3n entre dise\u00f1o sensible, pedagog\u00eda activa y ecolog\u00eda demuestra que es posible repensar los espacios educativos desde una perspectiva integral.<\/p>\n\n\n\n<p>Uno de los equipos que impulsa este tipo de arquitectura en Mallorca es<a href=\"https:\/\/segui-arquitecte.com\/eng\/\"> <\/a><a href=\"https:\/\/segui-arquitecte.com\/eng\/\">Segu\u00ed<\/a><a href=\"https:\/\/segui-arquitecte.com\/eng\/\"> <\/a><a href=\"https:\/\/segui-arquitecte.com\/eng\/\">Arquitecte<\/a>, cuyo enfoque incluye el dise\u00f1o de espacios p\u00fablicos, educativos y residenciales con alto valor paisaj\u00edstico y medioambiental. Puedes conocer m\u00e1s sobre sus obras a trav\u00e9s de su<a href=\"https:\/\/www.instagram.com\/llorencseguiarquitectura\/\"> <\/a><a href=\"https:\/\/www.instagram.com\/llorencseguiarquitectura\/\">Instagram<\/a><a href=\"https:\/\/www.instagram.com\/llorencseguiarquitectura\/\"> <\/a><a href=\"https:\/\/www.instagram.com\/llorencseguiarquitectura\/\">oficial<\/a>, donde comparten proyectos similares que combinan arquitectura, infancia y sostenibilidad.<\/p>\n\n\n\n<p>La <em>Escoleta Bella Aurora<\/em> es un ejemplo real de c\u00f3mo la <em>arquitectura ecol\u00f3gica<\/em> puede generar espacios educativos que cuidan, inspiran y ense\u00f1an. Este proyecto demuestra que construir pensando en los ni\u00f1os y en el planeta no solo es posible, sino necesario. En una isla como <em>Mallorca<\/em>, donde el entorno natural forma parte de la identidad local, iniciativas como esta elevan el nivel de lo que entendemos por escuela infantil: no solo un lugar donde aprender, sino tambi\u00e9n donde habitar el futuro con conciencia y armon\u00eda.<\/p>","protected":false},"excerpt":{"rendered":"<p>La Escoleta Bella Aurora es un ejemplo brillante de arquitectura ecol\u00f3gica aplicada a la educaci\u00f3n infantil. Este proyecto, ubicado en un entorno natural privilegiado de Mallorca, demuestra que es posible&#8230;<\/p>","protected":false},"author":1,"featured_media":4375,"comment_status":"open","ping_status":"open","sticky":false,"template":"","format":"standard","meta":{"footnotes":""},"categories":[71],"tags":[96,85,84,87,92,83],"class_list":{"0":"post-4373","1":"post","2":"type-post","3":"status-publish","4":"format-standard","5":"has-post-thumbnail","7":"category-blog","8":"tag-arquitectura-ecologica","9":"tag-arquitectura-passivhaus","10":"tag-arquitectura-y-paisajismo","11":"tag-casa-pasiva","12":"tag-casas-pasivas","13":"tag-edificio-sostenible"},"_links":{"self":[{"href":"https:\/\/segui-arquitecte.com\/eng\/wp-json\/wp\/v2\/posts\/4373","targetHints":{"allow":["GET"]}}],"collection":[{"href":"https:\/\/segui-arquitecte.com\/eng\/wp-json\/wp\/v2\/posts"}],"about":[{"href":"https:\/\/segui-arquitecte.com\/eng\/wp-json\/wp\/v2\/types\/post"}],"author":[{"embeddable":true,"href":"https:\/\/segui-arquitecte.com\/eng\/wp-json\/wp\/v2\/users\/1"}],"replies":[{"embeddable":true,"href":"https:\/\/segui-arquitecte.com\/eng\/wp-json\/wp\/v2\/comments?post=4373"}],"version-history":[{"count":1,"href":"https:\/\/segui-arquitecte.com\/eng\/wp-json\/wp\/v2\/posts\/4373\/revisions"}],"predecessor-version":[{"id":4376,"href":"https:\/\/segui-arquitecte.com\/eng\/wp-json\/wp\/v2\/posts\/4373\/revisions\/4376"}],"wp:featuredmedia":[{"embeddable":true,"href":"https:\/\/segui-arquitecte.com\/eng\/wp-json\/wp\/v2\/media\/4375"}],"wp:attachment":[{"href":"https:\/\/segui-arquitecte.com\/eng\/wp-json\/wp\/v2\/media?parent=4373"}],"wp:term":[{"taxonomy":"category","embeddable":true,"href":"https:\/\/segui-arquitecte.com\/eng\/wp-json\/wp\/v2\/categories?post=4373"},{"taxonomy":"post_tag","embeddable":true,"href":"https:\/\/segui-arquitecte.com\/eng\/wp-json\/wp\/v2\/tags?post=4373"}],"curies":[{"name":"wp","href":"https:\/\/api.w.org\/{rel}","templated":true}]}}