{"id":4370,"date":"2025-06-24T08:35:16","date_gmt":"2025-06-24T08:35:16","guid":{"rendered":"https:\/\/segui-arquitecte.com\/?p=4370"},"modified":"2026-01-29T08:37:50","modified_gmt":"2026-01-29T08:37:50","slug":"ubs-consell-arquitectura-y-paisajismo-con-impacto-urbano","status":"publish","type":"post","link":"https:\/\/segui-arquitecte.com\/eng\/ubs-consell-arquitectura-y-paisajismo-con-impacto-urbano\/","title":{"rendered":"UBS Consell: arquitectura y paisajismo con impacto urbano\u00a0"},"content":{"rendered":"<p>El proyecto <strong>UBS Consell<\/strong> es una muestra ejemplar de c\u00f3mo la <em>arquitectura y paisajismo<\/em> pueden transformar positivamente el entorno urbano. M\u00e1s all\u00e1 de su funci\u00f3n como equipamiento p\u00fablico, este edificio redefine la relaci\u00f3n entre espacio construido y espacio natural, generando un impacto social, ambiental y est\u00e9tico en el tejido urbano del municipio de Consell, en Mallorca. Este art\u00edculo profundiza en c\u00f3mo el dise\u00f1o integral de este proyecto logra armonizar lo funcional con lo simb\u00f3lico, convirti\u00e9ndose en un modelo replicable para otras intervenciones p\u00fablicas.<\/p>\n\n\n\n<h2 class=\"wp-block-heading\">Arquitectura al servicio de la comunidad<\/h2>\n\n\n\n<p>Desde su concepci\u00f3n, el dise\u00f1o de UBS Consell ha estado orientado a la creaci\u00f3n de un espacio abierto, accesible y funcional. El edificio resuelve con sobriedad y eficiencia las necesidades de una unidad b\u00e1sica de salud, sin dejar de lado la importancia del entorno. As\u00ed, el equipo de arquitectos ha apostado por una arquitectura limpia y contenida, que dialoga con el tejido urbano sin imponerse, pero que a la vez ofrece una imagen contempor\u00e1nea.<\/p>\n\n\n\n<p>El uso de materiales duraderos y de bajo mantenimiento, junto con un dise\u00f1o basado en la orientaci\u00f3n solar y la ventilaci\u00f3n cruzada, responde a criterios de <em>arquitectura sostenible<\/em>. Este enfoque no solo mejora el rendimiento energ\u00e9tico del edificio, sino que lo convierte en un <em>edificio sostenible<\/em> ejemplar dentro del \u00e1mbito sanitario.<\/p>\n\n\n\n<p>Actualizaci\u00f3n:&nbsp; junio 2025<\/p>\n\n\n\n<h2 class=\"wp-block-heading\">Un paisajismo funcional y simb\u00f3lico<\/h2>\n\n\n\n<p>Lo que distingue a UBS Consell es su tratamiento del espacio exterior. No se ha concebido como un simple edificio aislado, sino como parte activa de un sistema urbano donde el <em>paisajismo y arquitectura<\/em> se combinan para mejorar la calidad de vida de la ciudadan\u00eda. El proyecto incorpora zonas verdes, jardines medicinales y espacios de descanso que funcionan como extensiones del edificio y como infraestructuras verdes.<\/p>\n\n\n\n<p>El trabajo de <em>arquitectos paisajistas<\/em> ha sido clave para potenciar la funci\u00f3n terap\u00e9utica del entorno. Las especies vegetales aut\u00f3ctonas, la recolecci\u00f3n de aguas pluviales y el dise\u00f1o de sombras naturales no solo cumplen con una funci\u00f3n est\u00e9tica, sino tambi\u00e9n medioambiental y social.<\/p>\n\n\n\n<h2 class=\"wp-block-heading\">Impacto urbano y regeneraci\u00f3n del entorno<\/h2>\n\n\n\n<p>El edificio no solo presta servicios sanitarios, sino que tambi\u00e9n genera una nueva centralidad en el n\u00facleo urbano de Consell. Act\u00faa como punto de encuentro, espacio de transici\u00f3n y pulm\u00f3n verde. Esta forma de entender la <em>arquitectura y paisajismo<\/em> desde una perspectiva urbana y no solo edificatoria es lo que permite que el proyecto tenga un impacto transformador a largo plazo.<\/p>\n\n\n\n<p>En ese sentido, UBS Consell se convierte en una referencia no solo para el <em>trabajo arquitecto<\/em>, sino tambi\u00e9n para <em>estudios de arquitectura<\/em> y <em>estudios de paisajismo<\/em> que buscan ampliar los l\u00edmites de sus intervenciones.<\/p>\n\n\n\n<h2 class=\"wp-block-heading\">Arquitectura que inspira y se reproduce<\/h2>\n\n\n\n<p>Proyectos como este demuestran que es posible dise\u00f1ar <em>edificios sostenibles<\/em> y funcionales sin renunciar al compromiso con el entorno y la comunidad. Si est\u00e1s buscando un equipo que trabaje bajo esta filosof\u00eda, te recomendamos conocer el enfoque de<a href=\"https:\/\/segui-arquitecte.com\/eng\/\"> <\/a><a href=\"https:\/\/segui-arquitecte.com\/eng\/\">Segu\u00ed<\/a><a href=\"https:\/\/segui-arquitecte.com\/eng\/\"> <\/a><a href=\"https:\/\/segui-arquitecte.com\/eng\/\">Arquitecte<\/a><a href=\"https:\/\/segui-arquitecte.com\/eng\/\">,<\/a> cuyo trabajo ha sido destacado en la isla por su coherencia entre arquitectura, paisaje y sostenibilidad. Puedes conocer m\u00e1s sobre sus obras en su<a href=\"https:\/\/www.instagram.com\/llorencseguiarquitectura\/\"> <\/a><a href=\"https:\/\/www.instagram.com\/llorencseguiarquitectura\/\">perfil<\/a><a href=\"https:\/\/www.instagram.com\/llorencseguiarquitectura\/\"> <\/a><a href=\"https:\/\/www.instagram.com\/llorencseguiarquitectura\/\">de<\/a><a href=\"https:\/\/www.instagram.com\/llorencseguiarquitectura\/\"> <\/a><a href=\"https:\/\/www.instagram.com\/llorencseguiarquitectura\/\">Instagram<\/a>, donde comparten proyectos similares al de UBS Consell.<\/p>\n\n\n\n<p>El proyecto UBS Consell demuestra que <em>arquitectura y paisajismo<\/em> no deben ser disciplinas separadas, sino estrategias conjuntas para transformar el entorno urbano. Esta intervenci\u00f3n es un ejemplo de c\u00f3mo una obra p\u00fablica puede superar su mera funci\u00f3n t\u00e9cnica para convertirse en motor de regeneraci\u00f3n urbana, espacio de bienestar y s\u00edmbolo de sostenibilidad. En <em>Mallorca<\/em>, este tipo de arquitectura integrada cobra a\u00fan m\u00e1s relevancia al enfrentarse a los retos de desarrollo territorial, identidad local y compromiso medioambiental.<\/p>","protected":false},"excerpt":{"rendered":"<p>El proyecto UBS Consell es una muestra ejemplar de c\u00f3mo la arquitectura y paisajismo pueden transformar positivamente el entorno urbano. M\u00e1s all\u00e1 de su funci\u00f3n como equipamiento p\u00fablico, este edificio&#8230;<\/p>","protected":false},"author":1,"featured_media":4371,"comment_status":"open","ping_status":"open","sticky":false,"template":"","format":"standard","meta":{"footnotes":""},"categories":[71],"tags":[82,91,84,83,90,81,95,88,94,89],"class_list":{"0":"post-4370","1":"post","2":"type-post","3":"status-publish","4":"format-standard","5":"has-post-thumbnail","7":"category-blog","8":"tag-arquitecto-paisajista","9":"tag-arquitectura-sostenible","10":"tag-arquitectura-y-paisajismo","11":"tag-edificio-sostenible","12":"tag-estudio-arquitectura-mallorca","13":"tag-estudio-de-paisajismo","14":"tag-estudio-mallorca","15":"tag-estudios-de-arquitectura","16":"tag-paisajistas","17":"tag-trabajo-arquitecto"},"_links":{"self":[{"href":"https:\/\/segui-arquitecte.com\/eng\/wp-json\/wp\/v2\/posts\/4370","targetHints":{"allow":["GET"]}}],"collection":[{"href":"https:\/\/segui-arquitecte.com\/eng\/wp-json\/wp\/v2\/posts"}],"about":[{"href":"https:\/\/segui-arquitecte.com\/eng\/wp-json\/wp\/v2\/types\/post"}],"author":[{"embeddable":true,"href":"https:\/\/segui-arquitecte.com\/eng\/wp-json\/wp\/v2\/users\/1"}],"replies":[{"embeddable":true,"href":"https:\/\/segui-arquitecte.com\/eng\/wp-json\/wp\/v2\/comments?post=4370"}],"version-history":[{"count":1,"href":"https:\/\/segui-arquitecte.com\/eng\/wp-json\/wp\/v2\/posts\/4370\/revisions"}],"predecessor-version":[{"id":4372,"href":"https:\/\/segui-arquitecte.com\/eng\/wp-json\/wp\/v2\/posts\/4370\/revisions\/4372"}],"wp:featuredmedia":[{"embeddable":true,"href":"https:\/\/segui-arquitecte.com\/eng\/wp-json\/wp\/v2\/media\/4371"}],"wp:attachment":[{"href":"https:\/\/segui-arquitecte.com\/eng\/wp-json\/wp\/v2\/media?parent=4370"}],"wp:term":[{"taxonomy":"category","embeddable":true,"href":"https:\/\/segui-arquitecte.com\/eng\/wp-json\/wp\/v2\/categories?post=4370"},{"taxonomy":"post_tag","embeddable":true,"href":"https:\/\/segui-arquitecte.com\/eng\/wp-json\/wp\/v2\/tags?post=4370"}],"curies":[{"name":"wp","href":"https:\/\/api.w.org\/{rel}","templated":true}]}}