{"id":4366,"date":"2025-06-17T08:32:41","date_gmt":"2025-06-17T08:32:41","guid":{"rendered":"https:\/\/segui-arquitecte.com\/?p=4366"},"modified":"2026-01-29T08:35:13","modified_gmt":"2026-01-29T08:35:13","slug":"cs-esporles-arquitectura-sostenible-en-entornos-rurales","status":"publish","type":"post","link":"https:\/\/segui-arquitecte.com\/eng\/cs-esporles-arquitectura-sostenible-en-entornos-rurales\/","title":{"rendered":"CS Esporles: arquitectura sostenible en entornos rurales\u00a0"},"content":{"rendered":"<p>El proyecto <strong>CS Esporles<\/strong> es un referente de <em>arquitectura sostenible<\/em> en entornos rurales, demostrando que dise\u00f1o, funcionalidad y respeto por el entorno natural pueden coexistir en perfecta armon\u00eda. Ubicado en la zona de Esporles, en la Serra de Tramuntana, este proyecto redefine el modo en que se conciben las edificaciones en \u00e1reas no urbanas de Mallorca. A trav\u00e9s de este art\u00edculo, analizamos c\u00f3mo esta obra ejemplifica los principios de sostenibilidad arquitect\u00f3nica, adaptabilidad al entorno y eficiencia energ\u00e9tica sin renunciar a la identidad local.<\/p>\n\n\n\n<h2 class=\"wp-block-heading\">Adaptaci\u00f3n al paisaje y al clima mediterr\u00e1neo<\/h2>\n\n\n\n<p>Uno de los grandes aciertos de CS Esporles es su integraci\u00f3n con el entorno. Lejos de romper la est\u00e9tica rural de la zona, el edificio se mimetiza con el paisaje gracias a la elecci\u00f3n de materiales locales como la piedra seca, la madera y los revestimientos naturales. Este enfoque no solo fortalece la identidad del lugar, sino que responde a criterios de <em>arquitectura sostenible<\/em>, al reducir la huella de carbono en transporte y fabricaci\u00f3n de materiales.<\/p>\n\n\n\n<p>El dise\u00f1o tambi\u00e9n ha tenido en cuenta la orientaci\u00f3n solar, la ventilaci\u00f3n cruzada y la protecci\u00f3n frente al calor estival, claves en la eficiencia t\u00e9rmica en el clima mallorqu\u00edn. Estos recursos pasivos, inspirados en la <em>arquitectura passivhaus<\/em>, permiten un menor consumo energ\u00e9tico y mayor confort interior.<\/p>\n\n\n\n<h2 class=\"wp-block-heading\">Funcionalidad, eficiencia y bajo impacto ambiental<\/h2>\n\n\n\n<p>La <em>arquitectura sostenible<\/em> del CS Esporles se manifiesta en cada decisi\u00f3n proyectual. Desde el aislamiento t\u00e9rmico hasta la gesti\u00f3n del agua y los sistemas de ventilaci\u00f3n natural, el edificio se rige por una l\u00f3gica de m\u00ednima intervenci\u00f3n y m\u00e1ximo aprovechamiento de los recursos.<\/p>\n\n\n\n<p>Adem\u00e1s, se han utilizado soluciones propias de una <em>passive house<\/em>, como cubiertas verdes, acumuladores t\u00e9rmicos y ventanas de altas prestaciones. Aunque no es una <em>casa pasiva<\/em> certificada, incorpora muchos de los principios de este tipo de arquitectura, elevando los est\u00e1ndares en la edificaci\u00f3n rural.<\/p>\n\n\n\n<p>El proyecto tambi\u00e9n contempla un dise\u00f1o paisaj\u00edstico coherente, desarrollado en colaboraci\u00f3n con <em>paisajistas<\/em> que han restaurado la vegetaci\u00f3n aut\u00f3ctona y protegido la biodiversidad del entorno. Esto lo convierte en un ejemplo real de <em>paisajismo y arquitectura<\/em> integrados.<\/p>\n\n\n\n<h2 class=\"wp-block-heading\">Un ejemplo para estudios de arquitectura en Mallorca<\/h2>\n\n\n\n<p>CS Esporles demuestra que es posible aplicar los principios de la <em>arquitectura sostenible<\/em> en viviendas situadas en \u00e1reas rurales sin comprometer ni el confort ni la est\u00e9tica. Es un modelo que deber\u00edan seguir muchos <em>estudios de arquitectura<\/em> que buscan responder a los retos del cambio clim\u00e1tico y de la ocupaci\u00f3n consciente del territorio.<\/p>\n\n\n\n<p>Entre los profesionales destacados que impulsan este tipo de proyectos se encuentra el equipo de<a href=\"https:\/\/segui-arquitecte.com\/eng\/\"> <\/a><a href=\"https:\/\/segui-arquitecte.com\/eng\/\">Segu\u00ed<\/a><a href=\"https:\/\/segui-arquitecte.com\/eng\/\"> <\/a><a href=\"https:\/\/segui-arquitecte.com\/eng\/\">Arquitecte<\/a>, conocido por su sensibilidad hacia el entorno, su compromiso con la eficiencia energ\u00e9tica y su dominio del dise\u00f1o rural contempor\u00e1neo. Su perfil en<a href=\"https:\/\/www.instagram.com\/llorencseguiarquitectura\/\"> <\/a><a href=\"https:\/\/www.instagram.com\/llorencseguiarquitectura\/\">Instagram<\/a> refleja m\u00faltiples ejemplos de obras en las que arquitectura y entorno conviven en equilibrio.<\/p>\n\n\n\n<h2 class=\"wp-block-heading\">Vivienda rural con identidad y eficiencia<\/h2>\n\n\n\n<p>Adem\u00e1s de su impacto ambiental positivo, CS Esporles ofrece un espacio habitable que respeta el estilo de vida rural. Sus estancias abiertas, patios internos, zonas exteriores sombreadas y materiales nobles generan una atm\u00f3sfera de tranquilidad, conexi\u00f3n con la tierra y bienestar.<\/p>\n\n\n\n<p>El proyecto es tambi\u00e9n una respuesta inteligente a quienes buscan una <em>casa prefabricada en Mallorca<\/em> que combine sostenibilidad, dise\u00f1o y funcionalidad. Aunque en este caso no se trata de una prefabricaci\u00f3n industrial, su dise\u00f1o modular y eficiente lo hace comparable en t\u00e9rminos de optimizaci\u00f3n de recursos y tiempos de ejecuci\u00f3n.<\/p>\n\n\n\n<p>CS Esporles es un brillante ejemplo de c\u00f3mo la <em>arquitectura sostenible<\/em> puede materializarse en entornos rurales sin perder calidad ni car\u00e1cter. Su respeto por el paisaje, el uso inteligente de los recursos naturales y su enfoque hacia la eficiencia lo convierten en un modelo a seguir para proyectos similares en Mallorca y m\u00e1s all\u00e1. Apostar por este tipo de arquitectura es una inversi\u00f3n no solo en calidad de vida, sino tambi\u00e9n en el futuro del territorio.<\/p>","protected":false},"excerpt":{"rendered":"<p>El proyecto CS Esporles es un referente de arquitectura sostenible en entornos rurales, demostrando que dise\u00f1o, funcionalidad y respeto por el entorno natural pueden coexistir en perfecta armon\u00eda. Ubicado en&#8230;<\/p>","protected":false},"author":1,"featured_media":4368,"comment_status":"open","ping_status":"open","sticky":false,"template":"","format":"standard","meta":{"footnotes":""},"categories":[71],"tags":[85,91,87,92,90,81,95,88,93,94,86],"class_list":{"0":"post-4366","1":"post","2":"type-post","3":"status-publish","4":"format-standard","5":"has-post-thumbnail","7":"category-blog","8":"tag-arquitectura-passivhaus","9":"tag-arquitectura-sostenible","10":"tag-casa-pasiva","11":"tag-casas-pasivas","12":"tag-estudio-arquitectura-mallorca","13":"tag-estudio-de-paisajismo","14":"tag-estudio-mallorca","15":"tag-estudios-de-arquitectura","16":"tag-paisajismo-y-arquitectura","17":"tag-paisajistas","18":"tag-passive-house"},"_links":{"self":[{"href":"https:\/\/segui-arquitecte.com\/eng\/wp-json\/wp\/v2\/posts\/4366","targetHints":{"allow":["GET"]}}],"collection":[{"href":"https:\/\/segui-arquitecte.com\/eng\/wp-json\/wp\/v2\/posts"}],"about":[{"href":"https:\/\/segui-arquitecte.com\/eng\/wp-json\/wp\/v2\/types\/post"}],"author":[{"embeddable":true,"href":"https:\/\/segui-arquitecte.com\/eng\/wp-json\/wp\/v2\/users\/1"}],"replies":[{"embeddable":true,"href":"https:\/\/segui-arquitecte.com\/eng\/wp-json\/wp\/v2\/comments?post=4366"}],"version-history":[{"count":1,"href":"https:\/\/segui-arquitecte.com\/eng\/wp-json\/wp\/v2\/posts\/4366\/revisions"}],"predecessor-version":[{"id":4369,"href":"https:\/\/segui-arquitecte.com\/eng\/wp-json\/wp\/v2\/posts\/4366\/revisions\/4369"}],"wp:featuredmedia":[{"embeddable":true,"href":"https:\/\/segui-arquitecte.com\/eng\/wp-json\/wp\/v2\/media\/4368"}],"wp:attachment":[{"href":"https:\/\/segui-arquitecte.com\/eng\/wp-json\/wp\/v2\/media?parent=4366"}],"wp:term":[{"taxonomy":"category","embeddable":true,"href":"https:\/\/segui-arquitecte.com\/eng\/wp-json\/wp\/v2\/categories?post=4366"},{"taxonomy":"post_tag","embeddable":true,"href":"https:\/\/segui-arquitecte.com\/eng\/wp-json\/wp\/v2\/tags?post=4366"}],"curies":[{"name":"wp","href":"https:\/\/api.w.org\/{rel}","templated":true}]}}