{"id":4363,"date":"2025-06-10T08:30:17","date_gmt":"2025-06-10T08:30:17","guid":{"rendered":"https:\/\/segui-arquitecte.com\/?p=4363"},"modified":"2026-01-29T08:32:24","modified_gmt":"2026-01-29T08:32:24","slug":"hotel-morer-vermell-arquitectura-en-palma-de-mallorca-con-identidad","status":"publish","type":"post","link":"https:\/\/segui-arquitecte.com\/eng\/hotel-morer-vermell-arquitectura-en-palma-de-mallorca-con-identidad\/","title":{"rendered":"Hotel Morer Vermell: arquitectura en Palma de Mallorca con identidad\u00a0"},"content":{"rendered":"<p>Hablar del <em>Hotel Morer Vermell<\/em> es hablar de una obra que representa la esencia de la <em>arquitectura palma<\/em>. Este hotel no solo es un lugar de descanso, sino tambi\u00e9n un ejemplo tangible de c\u00f3mo un edificio puede dialogar con su entorno, integrarse en el paisaje mallorqu\u00edn y al mismo tiempo expresar una identidad \u00fanica a trav\u00e9s del dise\u00f1o arquitect\u00f3nico. En este art\u00edculo exploramos los elementos clave que hacen del Morer Vermell una referencia en el dise\u00f1o arquitect\u00f3nico contempor\u00e1neo de la isla.<\/p>\n\n\n\n<h2 class=\"wp-block-heading\">Integraci\u00f3n con el entorno natural y urbano<\/h2>\n\n\n\n<p>Uno de los pilares que definen el proyecto es su estrecha relaci\u00f3n con el entorno. En lugar de imponerse, el <em>Hotel Morer Vermell<\/em> se adapta al contexto, haciendo de la <em>arquitectura palma<\/em> un lenguaje sensible a las particularidades del lugar. Se ha trabajado con materiales locales, soluciones constructivas sostenibles y una distribuci\u00f3n que respeta la orientaci\u00f3n solar y la ventilaci\u00f3n cruzada. Este enfoque responde a los principios de un <em>edificio sostenible<\/em>, que no solo reduce el impacto ambiental, sino que tambi\u00e9n mejora la experiencia del usuario.<\/p>\n\n\n\n<h2 class=\"wp-block-heading\">Dise\u00f1o con car\u00e1cter mediterr\u00e1neo<\/h2>\n\n\n\n<p>El estilo arquitect\u00f3nico del hotel fusiona lo contempor\u00e1neo con lo tradicional mallorqu\u00edn. Los elementos de piedra natural, madera sin tratar y colores neutros evocan la identidad insular.<\/p>\n\n\n\n<p>Actualizaci\u00f3n:&nbsp; junio 2025<\/p>\n\n\n\n<p>Todo esto se enmarca en una propuesta moderna y funcional que define la <em>arquitectura palma<\/em> actual: una arquitectura que dialoga con la tradici\u00f3n sin renunciar a la innovaci\u00f3n.<\/p>\n\n\n\n<h2 class=\"wp-block-heading\">Espacios interiores que reflejan el exterior<\/h2>\n\n\n\n<p>El dise\u00f1o interior sigue la misma filosof\u00eda que el exterior. Cada espacio est\u00e1 pensado para conectar con el entorno, priorizando la luz natural, las vistas y el confort t\u00e9rmico. Aqu\u00ed cobra especial relevancia el trabajo de <em>arquitectos paisajistas<\/em> y <em>estudios de paisajismo<\/em>, que han convertido los patios, terrazas y zonas ajardinadas en extensiones del propio hotel. La vegetaci\u00f3n mediterr\u00e1nea se entrelaza con los materiales nobles para ofrecer una experiencia de estancia envolvente y sensorial.<\/p>\n\n\n\n<h2 class=\"wp-block-heading\">Arquitectura sostenible y tecnolog\u00eda pasiva<\/h2>\n\n\n\n<p>El <em>Hotel Morer Vermell<\/em> tambi\u00e9n incorpora tecnolog\u00edas pasivas para reducir la demanda energ\u00e9tica. Inspirado en los principios de la <em>arquitectura passivhaus<\/em> y <em>passive house<\/em>, se han aplicado soluciones como cubiertas ventiladas, protecciones solares m\u00f3viles, fachadas ventiladas y materiales con gran inercia t\u00e9rmica. Aunque no se trata de una <em>casa pasiva<\/em> como tal, el uso de estas estrategias demuestra el compromiso del proyecto con la eficiencia y el bienestar de sus usuarios.<\/p>\n\n\n\n<h2 class=\"wp-block-heading\">Un ejemplo para otros estudios de arquitectura<\/h2>\n\n\n\n<p>Este proyecto es una inspiraci\u00f3n tanto para quienes buscan una vivienda como para profesionales que se dedican al <em>trabajo arquitecto<\/em> en la isla. El <em>Hotel Morer Vermell<\/em> representa un modelo de c\u00f3mo se puede ejercer la <em>arquitectura palma<\/em> de forma consciente, conectada con el entorno y fiel a una identidad local.<\/p>\n\n\n\n<p>Si est\u00e1s buscando un equipo de profesionales que compartan esta visi\u00f3n, te invitamos a conocer<a href=\"https:\/\/segui-arquitecte.com\/eng\/\"> <\/a><a href=\"https:\/\/segui-arquitecte.com\/eng\/\">Segu\u00ed<\/a><a href=\"https:\/\/segui-arquitecte.com\/eng\/\"> <\/a><a href=\"https:\/\/segui-arquitecte.com\/eng\/\">Arquitecte<\/a>, un estudio en Palma que trabaja desde la sensibilidad est\u00e9tica y la sostenibilidad, con especial atenci\u00f3n a proyectos tur\u00edsticos, residenciales y paisaj\u00edsticos. Tambi\u00e9n puedes descubrir m\u00e1s sobre su trabajo en su<a href=\"https:\/\/www.instagram.com\/llorencseguiarquitectura\/\"> <\/a><a href=\"https:\/\/www.instagram.com\/llorencseguiarquitectura\/\">Instagram<\/a><a href=\"https:\/\/www.instagram.com\/llorencseguiarquitectura\/\"> <\/a><a href=\"https:\/\/www.instagram.com\/llorencseguiarquitectura\/\">oficial<\/a>.<strong><\/strong><\/p>\n\n\n\n<p>El <em>Hotel Morer Vermell<\/em> es un claro ejemplo de c\u00f3mo la <em>arquitectura palma<\/em> puede ser funcional, est\u00e9tica y sostenible a la vez. Este proyecto demuestra que la identidad local no est\u00e1 re\u00f1ida con la innovaci\u00f3n, y que es posible construir espacios \u00fanicos que respeten el paisaje, la cultura y el clima. Para quienes valoran la arquitectura con alma y buscan referentes en la isla de <em>Mallorca<\/em>, esta obra es, sin duda, un punto de partida inspirador.<\/p>","protected":false},"excerpt":{"rendered":"<p>Hablar del Hotel Morer Vermell es hablar de una obra que representa la esencia de la arquitectura palma. Este hotel no solo es un lugar de descanso, sino tambi\u00e9n un&#8230;<\/p>","protected":false},"author":1,"featured_media":4364,"comment_status":"open","ping_status":"open","sticky":false,"template":"","format":"standard","meta":{"footnotes":""},"categories":[71],"tags":[82,80,85,84,87,83,90,81,88,86,89],"class_list":{"0":"post-4363","1":"post","2":"type-post","3":"status-publish","4":"format-standard","5":"has-post-thumbnail","7":"category-blog","8":"tag-arquitecto-paisajista","9":"tag-arquitectura-palma","10":"tag-arquitectura-passivhaus","11":"tag-arquitectura-y-paisajismo","12":"tag-casa-pasiva","13":"tag-edificio-sostenible","14":"tag-estudio-arquitectura-mallorca","15":"tag-estudio-de-paisajismo","16":"tag-estudios-de-arquitectura","17":"tag-passive-house","18":"tag-trabajo-arquitecto"},"_links":{"self":[{"href":"https:\/\/segui-arquitecte.com\/eng\/wp-json\/wp\/v2\/posts\/4363","targetHints":{"allow":["GET"]}}],"collection":[{"href":"https:\/\/segui-arquitecte.com\/eng\/wp-json\/wp\/v2\/posts"}],"about":[{"href":"https:\/\/segui-arquitecte.com\/eng\/wp-json\/wp\/v2\/types\/post"}],"author":[{"embeddable":true,"href":"https:\/\/segui-arquitecte.com\/eng\/wp-json\/wp\/v2\/users\/1"}],"replies":[{"embeddable":true,"href":"https:\/\/segui-arquitecte.com\/eng\/wp-json\/wp\/v2\/comments?post=4363"}],"version-history":[{"count":1,"href":"https:\/\/segui-arquitecte.com\/eng\/wp-json\/wp\/v2\/posts\/4363\/revisions"}],"predecessor-version":[{"id":4365,"href":"https:\/\/segui-arquitecte.com\/eng\/wp-json\/wp\/v2\/posts\/4363\/revisions\/4365"}],"wp:featuredmedia":[{"embeddable":true,"href":"https:\/\/segui-arquitecte.com\/eng\/wp-json\/wp\/v2\/media\/4364"}],"wp:attachment":[{"href":"https:\/\/segui-arquitecte.com\/eng\/wp-json\/wp\/v2\/media?parent=4363"}],"wp:term":[{"taxonomy":"category","embeddable":true,"href":"https:\/\/segui-arquitecte.com\/eng\/wp-json\/wp\/v2\/categories?post=4363"},{"taxonomy":"post_tag","embeddable":true,"href":"https:\/\/segui-arquitecte.com\/eng\/wp-json\/wp\/v2\/tags?post=4363"}],"curies":[{"name":"wp","href":"https:\/\/api.w.org\/{rel}","templated":true}]}}