{"id":4360,"date":"2025-06-03T08:25:47","date_gmt":"2025-06-03T08:25:47","guid":{"rendered":"https:\/\/segui-arquitecte.com\/?p=4360"},"modified":"2026-01-29T08:30:14","modified_gmt":"2026-01-29T08:30:14","slug":"como-elegir-arquitectos-en-palma-de-mallorca-para-tu-vivienda","status":"publish","type":"post","link":"https:\/\/segui-arquitecte.com\/eng\/como-elegir-arquitectos-en-palma-de-mallorca-para-tu-vivienda\/","title":{"rendered":"C\u00f3mo elegir arquitectos en Palma de Mallorca para tu vivienda"},"content":{"rendered":"<p>Elegir a los <em>arquitectos en Palma de Mallorca<\/em> adecuados para dise\u00f1ar o reformar tu vivienda es una de las decisiones m\u00e1s importantes que tomar\u00e1s en tu proyecto residencial. Una buena elecci\u00f3n no solo impactar\u00e1 el dise\u00f1o est\u00e9tico, sino tambi\u00e9n la funcionalidad, la eficiencia energ\u00e9tica y la integraci\u00f3n de tu vivienda con el entorno. En este art\u00edculo te guiamos paso a paso para escoger un estudio de arquitectura que se alinee con tus necesidades, gustos y presupuesto.<\/p>\n\n\n\n<h2 class=\"wp-block-heading\">Define el tipo de arquitectura que deseas<\/h2>\n\n\n\n<p>Antes de comenzar tu b\u00fasqueda, es importante tener una idea clara de qu\u00e9 tipo de arquitectura est\u00e1s buscando. \u00bfTe interesa un dise\u00f1o contempor\u00e1neo, tradicional o tal vez una combinaci\u00f3n? \u00bfValoras la eficiencia energ\u00e9tica? En este caso, podr\u00edas considerar estudios especializados en <em>arquitectura passivhaus<\/em> o <em>casas pasivas prefabricadas<\/em>, que te garantizan un menor consumo energ\u00e9tico y una mayor sostenibilidad.<\/p>\n\n\n\n<h2 class=\"wp-block-heading\">Prioriza estudios con experiencia en proyectos residenciales<\/h2>\n\n\n\n<p>Busca un <em>estudio de arquitectura en Mallorca<\/em> que tenga experiencia espec\u00edfica en viviendas. La trayectoria en este tipo de proyectos implica conocimiento de la normativa local, sensibilidad est\u00e9tica con el entorno mediterr\u00e1neo y capacidad para adaptarse a terrenos y paisajes diversos. En ese sentido, los profesionales de<a href=\"https:\/\/segui-arquitecte.com\/eng\/\"> <\/a><a href=\"https:\/\/segui-arquitecte.com\/eng\/\">Segu\u00ed<\/a><a href=\"https:\/\/segui-arquitecte.com\/eng\/\"> <\/a><a href=\"https:\/\/segui-arquitecte.com\/eng\/\">Arquitecte<\/a> cuentan con una amplia experiencia en el dise\u00f1o de viviendas y proyectos residenciales integrales en la isla.<\/p>\n\n\n\n<h2 class=\"wp-block-heading\">Revisa su enfoque en sostenibilidad y dise\u00f1o bioclim\u00e1tico<\/h2>\n\n\n\n<p>Una tendencia en auge es el <em>edificio sostenible<\/em>, es decir, viviendas dise\u00f1adas para reducir su impacto ambiental desde su construcci\u00f3n hasta su uso diario. Estudios que trabajan con criterios de <em>arquitectura paisajista<\/em> o <em>passive house<\/em> aportan soluciones innovadoras que combinan confort y eficiencia. Algunos incluso colaboran con <em>paisajistas<\/em> para integrar el dise\u00f1o de jardines y zonas exteriores como parte esencial del proyecto.<\/p>\n\n\n\n<h2 class=\"wp-block-heading\">Analiza su estilo arquitect\u00f3nico y su portafolio<\/h2>\n\n\n\n<p>Cada arquitecto tiene su estilo, por lo que es fundamental revisar su portafolio. Si buscas una vivienda que combine interiorismo y <em>arquitectura y paisajismo<\/em>, aseg\u00farate de que los proyectos anteriores del estudio lo reflejen. El perfil de<a href=\"https:\/\/www.instagram.com\/llorencseguiarquitectura\/\"> <\/a><a href=\"https:\/\/www.instagram.com\/llorencseguiarquitectura\/\">Lloren\u00e7<\/a><a href=\"https:\/\/www.instagram.com\/llorencseguiarquitectura\/\"> <\/a><a href=\"https:\/\/www.instagram.com\/llorencseguiarquitectura\/\">Segu\u00ed<\/a><a href=\"https:\/\/www.instagram.com\/llorencseguiarquitectura\/\"> <\/a><a href=\"https:\/\/www.instagram.com\/llorencseguiarquitectura\/\">Arquitectura<\/a><a href=\"https:\/\/www.instagram.com\/llorencseguiarquitectura\/\"> <\/a><a href=\"https:\/\/www.instagram.com\/llorencseguiarquitectura\/\">en<\/a><a href=\"https:\/\/www.instagram.com\/llorencseguiarquitectura\/\"> <\/a><a href=\"https:\/\/www.instagram.com\/llorencseguiarquitectura\/\">Instagram<\/a> puede ser una fuente de inspiraci\u00f3n para visualizar obras finalizadas que armonizan funcionalidad, est\u00e9tica y sostenibilidad.<\/p>\n\n\n\n<h2 class=\"wp-block-heading\">Considera su capacidad para gestionar el proyecto completo<\/h2>\n\n\n\n<p>Un <em>estudio Mallorca<\/em> con experiencia puede ofrecer servicios integrales: desde el dise\u00f1o y tr\u00e1mites legales hasta la direcci\u00f3n de obra y coordinaci\u00f3n con otros profesionales. Esto no solo simplifica el proceso, sino que asegura coherencia y calidad en todas las etapas del proyecto.<\/p>\n\n\n\n<h2 class=\"wp-block-heading\">Ten en cuenta el presupuesto y la transparencia<\/h2>\n\n\n\n<p>El <em>precio de casas pasivas<\/em> o proyectos con enfoque sostenible puede variar, pero un buen estudio debe proporcionarte desde el inicio un presupuesto claro y ajustado, sin sorpresas ocultas. Pregunta por proyectos similares y solicita una estimaci\u00f3n lo m\u00e1s detallada posible.<\/p>\n\n\n\n<h2 class=\"wp-block-heading\">Relaci\u00f3n de confianza: un aspecto clave<\/h2>\n\n\n\n<p>M\u00e1s all\u00e1 de la parte t\u00e9cnica, elegir a quien construir\u00e1 tu hogar implica confianza. La comunicaci\u00f3n fluida, la escucha activa y la implicaci\u00f3n personal del arquitecto en tu proyecto son factores esenciales para garantizar una experiencia positiva.<strong><\/strong><\/p>\n\n\n\n<p>Elegir los mejores <em>arquitectos en Palma de Mallorca<\/em> requiere investigar, comparar estilos, valorar experiencia y asegurarte de que compart\u00eds una visi\u00f3n com\u00fan del hogar que deseas. Optar por un estudio especializado en <em>arquitectura sostenible<\/em>, <em>paisajismo y arquitectura<\/em> o <em>casas pasivas<\/em> puede marcar una gran diferencia, tanto en el resultado final como en el confort a largo plazo. No dudes en contactar con profesionales como los de<a href=\"https:\/\/segui-arquitecte.com\/eng\/\"> <\/a><a href=\"https:\/\/segui-arquitecte.com\/eng\/\">Segu\u00ed<\/a><a href=\"https:\/\/segui-arquitecte.com\/eng\/\"> <\/a><a href=\"https:\/\/segui-arquitecte.com\/eng\/\">Arquitecte<\/a>, quienes te asesorar\u00e1n con un enfoque integral, personalizado y respetuoso con el entorno. Sea cual sea tu elecci\u00f3n, recuerda que <em>Mallorca<\/em> ofrece un entorno natural privilegiado que merece ser integrado con inteligencia y sensibilidad en cualquier dise\u00f1o arquitect\u00f3nico.<\/p>","protected":false},"excerpt":{"rendered":"<p>Elegir a los arquitectos en Palma de Mallorca adecuados para dise\u00f1ar o reformar tu vivienda es una de las decisiones m\u00e1s importantes que tomar\u00e1s en tu proyecto residencial. Una buena&#8230;<\/p>","protected":false},"author":1,"featured_media":4361,"comment_status":"open","ping_status":"open","sticky":false,"template":"","format":"standard","meta":{"footnotes":""},"categories":[71],"tags":[82,80,85,84,87,83,90,81,88,86,89],"class_list":{"0":"post-4360","1":"post","2":"type-post","3":"status-publish","4":"format-standard","5":"has-post-thumbnail","7":"category-blog","8":"tag-arquitecto-paisajista","9":"tag-arquitectura-palma","10":"tag-arquitectura-passivhaus","11":"tag-arquitectura-y-paisajismo","12":"tag-casa-pasiva","13":"tag-edificio-sostenible","14":"tag-estudio-arquitectura-mallorca","15":"tag-estudio-de-paisajismo","16":"tag-estudios-de-arquitectura","17":"tag-passive-house","18":"tag-trabajo-arquitecto"},"_links":{"self":[{"href":"https:\/\/segui-arquitecte.com\/eng\/wp-json\/wp\/v2\/posts\/4360","targetHints":{"allow":["GET"]}}],"collection":[{"href":"https:\/\/segui-arquitecte.com\/eng\/wp-json\/wp\/v2\/posts"}],"about":[{"href":"https:\/\/segui-arquitecte.com\/eng\/wp-json\/wp\/v2\/types\/post"}],"author":[{"embeddable":true,"href":"https:\/\/segui-arquitecte.com\/eng\/wp-json\/wp\/v2\/users\/1"}],"replies":[{"embeddable":true,"href":"https:\/\/segui-arquitecte.com\/eng\/wp-json\/wp\/v2\/comments?post=4360"}],"version-history":[{"count":1,"href":"https:\/\/segui-arquitecte.com\/eng\/wp-json\/wp\/v2\/posts\/4360\/revisions"}],"predecessor-version":[{"id":4362,"href":"https:\/\/segui-arquitecte.com\/eng\/wp-json\/wp\/v2\/posts\/4360\/revisions\/4362"}],"wp:featuredmedia":[{"embeddable":true,"href":"https:\/\/segui-arquitecte.com\/eng\/wp-json\/wp\/v2\/media\/4361"}],"wp:attachment":[{"href":"https:\/\/segui-arquitecte.com\/eng\/wp-json\/wp\/v2\/media?parent=4360"}],"wp:term":[{"taxonomy":"category","embeddable":true,"href":"https:\/\/segui-arquitecte.com\/eng\/wp-json\/wp\/v2\/categories?post=4360"},{"taxonomy":"post_tag","embeddable":true,"href":"https:\/\/segui-arquitecte.com\/eng\/wp-json\/wp\/v2\/tags?post=4360"}],"curies":[{"name":"wp","href":"https:\/\/api.w.org\/{rel}","templated":true}]}}